{"id":7653,"date":"2021-08-20T15:08:02","date_gmt":"2021-08-20T15:08:02","guid":{"rendered":"https:\/\/hainaut.sudradio.net\/?p=7653"},"modified":"2021-08-20T15:13:21","modified_gmt":"2021-08-20T15:13:21","slug":"mons-le-cinema-le-plaza-est-de-retour","status":"publish","type":"post","link":"https:\/\/hainaut.sudradio.net\/?p=7653","title":{"rendered":"Mons : Le cin\u00e9ma le Plaza est de retour et c&rsquo;est r\u00e9ussi"},"content":{"rendered":"\n<p>Le Plaza est l\u2019un des plus anciens cin\u00e9mas de la ville. Ouvert en 1937 sous le nom de Patria, il est une institution et il a vu d\u00e9filer dans ses salles plusieurs g\u00e9n\u00e9rations. <\/p>\n\n\n\n<p><br>Il faut dire que la ville a toujours aim\u00e9 le cin\u00e9ma. Jusqu\u2019aux ann\u00e9es 90, Mons comptait pas moins de cinq cin\u00e9mas dans son intra muros. <\/p>\n\n\n\n<p>Pendant 24 ans, le Plaza Art a pu remplir ses missions et fid\u00e9liser un public venu parfois de loin.  Puis, en 2018, ce fut la toute grosse tuile. <\/p>\n\n\n\n<p>Des probl\u00e8mes de s\u00e9curit\u00e9 sont apparus et les pompiers ont remis un rapport tr\u00e8s d\u00e9favorable \u00e0 l\u2019encontre du b\u00e2timent.<\/p>\n\n\n\n<figure class=\"wp-block-image size-large\"><img loading=\"lazy\" decoding=\"async\" width=\"960\" height=\"626\" src=\"https:\/\/hainaut.sudradio.net\/wp-content\/uploads\/2021\/08\/plaza.jpg\" alt=\"\" class=\"wp-image-7655\" srcset=\"https:\/\/hainaut.sudradio.net\/wp-content\/uploads\/2021\/08\/plaza.jpg 960w, https:\/\/hainaut.sudradio.net\/wp-content\/uploads\/2021\/08\/plaza-300x196.jpg 300w, https:\/\/hainaut.sudradio.net\/wp-content\/uploads\/2021\/08\/plaza-768x501.jpg 768w\" sizes=\"auto, (max-width: 960px) 100vw, 960px\" \/><\/figure>\n\n\n\n<p>La ville a donc d\u00e9cid\u00e9 de maintenir un cin\u00e9ma en ville et rapidement des travaux ont d\u00e9but\u00e9. Trois ans plus tard, le Plaza Athouse Cin\u00e9ma est n\u00e9. Tout frais, tout neuf et au m\u00eame endroit.  379 si\u00e8ges , 4 salles, une offre alternative et diversifi\u00e9e qui va se poursuivre. <em>Benjamin Benrubi<\/em>. Directeur Etudes et R\u00e9alisations \u00e0 l&rsquo;Idea.<\/p>\n\n\n\n<figure class=\"wp-block-audio\"><audio controls src=\"https:\/\/hainaut.sudradio.net\/wp-content\/uploads\/2021\/08\/2021-08-20-plaza1.wav\"><\/audio><\/figure>\n\n\n\n<p><strong>Un mois de Septembre rempli pour les cin\u00e9philes <\/strong><\/p>\n\n\n\n<figure class=\"wp-block-image size-large\"><img loading=\"lazy\" decoding=\"async\" width=\"1024\" height=\"634\" src=\"https:\/\/hainaut.sudradio.net\/wp-content\/uploads\/2021\/08\/logo-1024x634.jpg\" alt=\"\" class=\"wp-image-7656\" srcset=\"https:\/\/hainaut.sudradio.net\/wp-content\/uploads\/2021\/08\/logo-1024x634.jpg 1024w, https:\/\/hainaut.sudradio.net\/wp-content\/uploads\/2021\/08\/logo-300x186.jpg 300w, https:\/\/hainaut.sudradio.net\/wp-content\/uploads\/2021\/08\/logo-768x476.jpg 768w, https:\/\/hainaut.sudradio.net\/wp-content\/uploads\/2021\/08\/logo-1536x951.jpg 1536w, https:\/\/hainaut.sudradio.net\/wp-content\/uploads\/2021\/08\/logo.jpg 2010w\" sizes=\"auto, (max-width: 1024px) 100vw, 1024px\" \/><\/figure>\n\n\n\n<p>Le Plaza ouvre ses portes au public le 10 septembre en proposant d\u2019embl\u00e9e une programmation tr\u00e8s riche tout au long du mois avec la reprise de plusieurs cin\u00e9-clubs et l\u2019organisation d\u2019avant-premi\u00e8res.<br><\/p>\n\n\n\n<p>Le point culminant de ce mois sera le week-end de la F\u00eate de la F\u00e9d\u00e9ration<br>Wallonie-Bruxelles (qui f\u00eate cette ann\u00e9e ses 50 ans). <\/p>\n\n\n\n<p>En effet, du 24 au 27 septembre, un week-end festif pour c\u00e9l\u00e9brer l\u2019ouverture du nouveau Plaza. Durant ces quatre jours, le cin\u00e9ma belge sera mis \u00e0 l\u2019honneur, avec de nombreuses personnalit\u00e9s du milieu invit\u00e9es. Samuel Tubez, programmateur<\/p>\n\n\n\n<figure class=\"wp-block-audio\"><audio controls src=\"https:\/\/hainaut.sudradio.net\/wp-content\/uploads\/2021\/08\/2021-08-20-plaza2.wav\"><\/audio><\/figure>\n\n\n\n<p><br>AVANT-GO\u00dbT DE LA PROGRAMMATION DE SEPTEMBRE<\/p>\n\n\n\n<figure class=\"wp-block-image size-large\"><img loading=\"lazy\" decoding=\"async\" width=\"1024\" height=\"768\" src=\"https:\/\/hainaut.sudradio.net\/wp-content\/uploads\/2021\/08\/p-2-1024x768.jpg\" alt=\"\" class=\"wp-image-7658\" srcset=\"https:\/\/hainaut.sudradio.net\/wp-content\/uploads\/2021\/08\/p-2-1024x768.jpg 1024w, https:\/\/hainaut.sudradio.net\/wp-content\/uploads\/2021\/08\/p-2-300x225.jpg 300w, https:\/\/hainaut.sudradio.net\/wp-content\/uploads\/2021\/08\/p-2-768x576.jpg 768w, https:\/\/hainaut.sudradio.net\/wp-content\/uploads\/2021\/08\/p-2-1536x1152.jpg 1536w, https:\/\/hainaut.sudradio.net\/wp-content\/uploads\/2021\/08\/p-2.jpg 1973w\" sizes=\"auto, (max-width: 1024px) 100vw, 1024px\" \/><\/figure>\n\n\n\n<p>Vendredi 10\/09<\/p>\n\n\n\n<ul class=\"wp-block-list\"><li>20h &#8211; Premi\u00e8re du film Rookie en pr\u00e9sence du r\u00e9alisateur Lieven Van Baelen et du jeune acteur Valentijn Braeckman.<br>Mercredi 15\/09<\/li><li>16h &#8211; S\u00e9ance \u00e0 destination des professeurs : Pr\u00e9sentation de la brochure<br>scolaire et projection du documentaire L\u2019\u00c9cole de l\u2019impossible en pr\u00e9sence du r\u00e9alisateur Thierry Michel.<\/li><li>20h &#8211; S\u00e9ance publique du documentaire L\u2019\u00c9cole de l\u2019impossible en pr\u00e9sence du r\u00e9alisateur Thierry Michel.<\/li><li><br>PROGRAMME DU WEEK-END FESTIF<br><strong>Vendredi 24\/09<\/strong><\/li><li>12h30 &#8211; Reprise des Midis du court avec la projection des courts m\u00e9trages<br>Aube, Saigon sur Marne et Doffice.<\/li><li>20h &#8211; Avant-premi\u00e8re du film L\u2019ennemi en pr\u00e9sence du r\u00e9alisateur Stephan Streker, de l\u2019actrice Alma Jodorowsky e de l\u2019acteur J\u00e9r\u00e9mie Renier (sous r\u00e9serve) suivie de l\u2019ouverture du bar dans la cour d\u2019ARTS2 (Rue de Nimy 7) en collaboration avec le collectif montois About it.<br><strong>Samedi 25\/09<\/strong><\/li><li>20h &#8211; Avant-premi\u00e8re du film Fils de plouc en pr\u00e9sence des r\u00e9alisateurs Lenny Guit et Harpo Guit.<br><strong>Dimanche 26\/09<\/strong><\/li><li>Carte blanche \u00e0 Vincent Patar et St\u00e9phane Aubier avec la projection de C\u2019est arriv\u00e9 pr\u00e8s de chez vous de Beno\u00eet Poelvoorde, R\u00e9my Belvaux et Andr\u00e9 Bonzel. S\u00e9ance gratuite pr\u00e9sent\u00e9e par Vincent Patar et St\u00e9phane Aubier, dans le cadre de la F\u00eate de la F\u00e9d\u00e9ration Wallonie-Bruxelles<\/li><\/ul>\n\n\n\n<p><strong>Lundi 27\/09<\/strong><\/p>\n\n\n\n<ul class=\"wp-block-list\"><li>En salle 1 : Programmation 100% belge :<br>14h &#8211; L\u2019\u00c9cole de l\u2019impossible de Thierry Michel<br>16h30 &#8211; Rookie de Lieven Van Baelen<br>18h30 &#8211; Des hommes de Lucas Belvaux<br>20h30 &#8211; Une vie d\u00e9mente d\u2019Ann Sirot et Rapha\u00ebl Balboni en pr\u00e9sence d\u2019invit\u00e9s<\/li><\/ul>\n\n\n\n<p>Photos : Samy Harzallah. <\/p>\n\n\n\n<p><\/p>\n","protected":false},"excerpt":{"rendered":"<p>Le Plaza est l\u2019un des plus anciens cin\u00e9mas de la ville. Ouvert en 1937 sous le nom de Patria, il est une institution et il a vu d\u00e9filer dans ses salles plusieurs g\u00e9n\u00e9rations. Il faut dire que la ville a toujours aim\u00e9 le cin\u00e9ma. Jusqu\u2019aux ann\u00e9es 90, Mons comptait pas moins de cinq cin\u00e9mas dans [&hellip;]<\/p>\n","protected":false},"author":4,"featured_media":7654,"comment_status":"open","ping_status":"open","sticky":false,"template":"","format":"standard","meta":{"footnotes":""},"categories":[6],"tags":[],"class_list":["post-7653","post","type-post","status-publish","format-standard","has-post-thumbnail","hentry","category-infos"],"_links":{"self":[{"href":"https:\/\/hainaut.sudradio.net\/index.php?rest_route=\/wp\/v2\/posts\/7653","targetHints":{"allow":["GET"]}}],"collection":[{"href":"https:\/\/hainaut.sudradio.net\/index.php?rest_route=\/wp\/v2\/posts"}],"about":[{"href":"https:\/\/hainaut.sudradio.net\/index.php?rest_route=\/wp\/v2\/types\/post"}],"author":[{"embeddable":true,"href":"https:\/\/hainaut.sudradio.net\/index.php?rest_route=\/wp\/v2\/users\/4"}],"replies":[{"embeddable":true,"href":"https:\/\/hainaut.sudradio.net\/index.php?rest_route=%2Fwp%2Fv2%2Fcomments&post=7653"}],"version-history":[{"count":5,"href":"https:\/\/hainaut.sudradio.net\/index.php?rest_route=\/wp\/v2\/posts\/7653\/revisions"}],"predecessor-version":[{"id":7665,"href":"https:\/\/hainaut.sudradio.net\/index.php?rest_route=\/wp\/v2\/posts\/7653\/revisions\/7665"}],"wp:featuredmedia":[{"embeddable":true,"href":"https:\/\/hainaut.sudradio.net\/index.php?rest_route=\/wp\/v2\/media\/7654"}],"wp:attachment":[{"href":"https:\/\/hainaut.sudradio.net\/index.php?rest_route=%2Fwp%2Fv2%2Fmedia&parent=7653"}],"wp:term":[{"taxonomy":"category","embeddable":true,"href":"https:\/\/hainaut.sudradio.net\/index.php?rest_route=%2Fwp%2Fv2%2Fcategories&post=7653"},{"taxonomy":"post_tag","embeddable":true,"href":"https:\/\/hainaut.sudradio.net\/index.php?rest_route=%2Fwp%2Fv2%2Ftags&post=7653"}],"curies":[{"name":"wp","href":"https:\/\/api.w.org\/{rel}","templated":true}]}}