{"id":39519,"date":"2026-09-04T14:08:13","date_gmt":"2026-09-04T14:08:13","guid":{"rendered":"https:\/\/hainaut.sudradio.net\/?p=39519"},"modified":"2026-09-04T14:08:13","modified_gmt":"2026-09-04T14:08:13","slug":"peruwelz-rejoint-think-pink-et-renforce-son-engagement-contre-le-cancer-du-sein","status":"publish","type":"post","link":"https:\/\/hainaut.sudradio.net\/?p=39519","title":{"rendered":"P\u00e9ruwelz rejoint Think Pink et renforce son engagement contre le cancer du sein"},"content":{"rendered":"\n<p><strong>La Ville de P\u00e9ruwelz renforce son engagement dans la lutte contre le cancer du sein aux c\u00f4t\u00e9s de Think Pink. Sensibilisation au d\u00e9pistage, mobilisation durant Octobre Rose, \u00e9v\u00e9nements et deuxi\u00e8me \u00e9dition de la Race for the Cure : plusieurs actions sont pr\u00e9vues.<\/strong><\/p>\n\n\n\n<p>P\u00e9ruwelz passe \u00e0 la vitesse sup\u00e9rieure dans la lutte contre le cancer du sein. La Ville apporte d\u00e9sormais son soutien \u00e0 <strong>Think Pink<\/strong>, organisation nationale active dans ce domaine depuis 2007. Un engagement qui doit permettre de multiplier les actions de sensibilisation aupr\u00e8s de la population et de soutenir les personnes touch\u00e9es par la maladie.<\/p>\n\n\n\n<p>L&rsquo;enjeu reste consid\u00e9rable. Selon les chiffres 2024 pr\u00e9sent\u00e9s par Think Pink, <strong>11.840 cancers du sein ont \u00e9t\u00e9 diagnostiqu\u00e9s en Belgique<\/strong>, soit 32 nouveaux diagnostics par jour. Une femme sur huit est touch\u00e9e par la maladie et le cancer du sein demeure le cancer le plus fr\u00e9quent chez la femme dans le pays.<\/p>\n\n\n\n<p>C&rsquo;est beaucoup trop comme l&rsquo;explique Sandrine Debroux, charg\u00e9e de projet d&rsquo;engagement local pour l&rsquo;association Think Pink. <\/p>\n\n\n\n<figure class=\"wp-block-audio\"><audio controls src=\"https:\/\/hainaut.sudradio.net\/wp-content\/uploads\/2026\/09\/2026-09-07-PERUWELZ-1_1.mp3\"><\/audio><\/figure>\n\n\n\n<p>Des chiffres qui sont beaucoup plus important en Wallonie qu&rsquo;en Flandre. <\/p>\n\n\n\n<figure class=\"wp-block-audio\"><audio controls src=\"https:\/\/hainaut.sudradio.net\/wp-content\/uploads\/2026\/09\/2026-09-07-PERUWELZ-2.mp3\"><\/audio><\/figure>\n\n\n\n<h2 class=\"wp-block-heading\">Sensibiliser davantage au d\u00e9pistage<\/h2>\n\n\n\n<p>La pr\u00e9vention et le d\u00e9pistage occuperont une place importante dans le partenariat. La Ville entend notamment communiquer sur l&rsquo;auto-examen et le d\u00e9pistage, relayer les campagnes de Think Pink sur ses r\u00e9seaux sociaux et organiser chaque ann\u00e9e diff\u00e9rentes initiatives afin d&rsquo;encourager les citoyennes \u00e0 participer \u00e0 la mammographie de d\u00e9pistage bisannuelle.<\/p>\n\n\n\n<p>Les donn\u00e9es pr\u00e9sent\u00e9es lors de la conf\u00e9rence de presse montrent d&rsquo;ailleurs l&rsquo;importance de poursuivre ce travail de sensibilisation. Think Pink indique qu&rsquo;<strong>une femme sur deux \u00e2g\u00e9e de 50 \u00e0 69 ans ne se fait pas d\u00e9pister<\/strong>.<\/p>\n\n\n\n<p>Nathalie Deplus, \u00e9chevine de la sant\u00e9 \u00e0 P\u00e9ruwelz nous explique pourquoi sa commune a souhait\u00e9 collaborer avec Think Pink<\/p>\n\n\n\n<figure class=\"wp-block-audio\"><audio controls src=\"https:\/\/hainaut.sudradio.net\/wp-content\/uploads\/2026\/09\/2026-09-07-PERUWELZ-4.mp3\"><\/audio><\/figure>\n\n\n\n<h2 class=\"wp-block-heading\">P\u00e9ruwelz se parera de rose en octobre<\/h2>\n\n\n\n<p>Le partenariat prendra \u00e9galement une dimension particuli\u00e8rement visible pendant <strong>Octobre Rose<\/strong>, mois consacr\u00e9 \u00e0 la sensibilisation au cancer du sein.<\/p>\n\n\n\n<p>Il est notamment pr\u00e9vu d&rsquo;habiller la ville de rose gr\u00e2ce \u00e0 l&rsquo;\u00e9clairage public et d&rsquo;associer P\u00e9ruwelz ainsi que ses commer\u00e7ants \u00e0 la campagne des rubans roses.<\/p>\n\n\n\n<p>La Ville n&rsquo;en est toutefois pas \u00e0 ses premi\u00e8res actions. Ces derni\u00e8res ann\u00e9es, une sensibilisation a notamment \u00e9t\u00e9 organis\u00e9e sur le march\u00e9 avec les \u00e9l\u00e8ves de Saint-Charles. Le personnel du CPAS et de l&rsquo;administration communale a particip\u00e9 \u00e0 Pink@Work, tandis que l&rsquo;H\u00f4tel de Ville a d\u00e9j\u00e0 \u00e9t\u00e9 illumin\u00e9 en rose. Des rubans roses ont \u00e9galement pris place sur les ronds-points de l&rsquo;entit\u00e9.<\/p>\n\n\n\n<h2 class=\"wp-block-heading\">Une deuxi\u00e8me Race for the Cure le 2 octobre<\/h2>\n\n\n\n<p>L&rsquo;un des temps forts de cette mobilisation sera le retour de la <strong>Race for the Cure \u00e0 P\u00e9ruwelz le 2 octobre 2026<\/strong>.<\/p>\n\n\n\n<p>Apr\u00e8s une premi\u00e8re organisation en 2025, la manifestation reviendra donc pour une deuxi\u00e8me \u00e9dition. Le programme annonc\u00e9 pr\u00e9voit <strong>13 points gourmands, deux fanfares et plusieurs surprises en chansons<\/strong>.<\/p>\n\n\n\n<p>La Race for the Cure constitue l&rsquo;un des \u00e9v\u00e9nements embl\u00e9matiques de Think Pink. En 2025, les diff\u00e9rentes \u00e9ditions ont rassembl\u00e9 <strong>18.211 participants<\/strong>. Pour 2026, 18 Race for the Cure sont annonc\u00e9es en Wallonie, une \u00e0 Bruxelles et quatre en Flandre.<\/p>\n\n\n\n<p>La P\u00e9ruwelzienne Tania Carl\u00e9 avait d\u00e9j\u00e0 organis\u00e9 une marche et une course au profit de Think Pink. Elle remettra le couvert le 2 octobre prochain. Elle est fi\u00e8re que sa commune collabore avec la dynamique association Think Pink<\/p>\n\n\n\n<figure class=\"wp-block-audio\"><audio controls src=\"https:\/\/hainaut.sudradio.net\/wp-content\/uploads\/2026\/09\/2026-09-07-PERUWELZ-5_1.mp3\"><\/audio><\/figure>\n\n\n\n<figure class=\"wp-block-audio\"><audio controls src=\"https:\/\/hainaut.sudradio.net\/wp-content\/uploads\/2026\/09\/2026-09-07-PERUWELZ-6.mp3\"><\/audio><\/figure>\n\n\n\n<p>Attention il faut s\u2019inscrire avant le 25 septembre pour cette marche gourmande du 2 octobre. Rendez-vous sur FB \u00e0 Race of the cure 2026<\/p>\n\n\n\n<h2 class=\"wp-block-heading\">Un afterwork au Domaine d&rsquo;Arondeau<\/h2>\n\n\n\n<p>La mobilisation se poursuivra quelques jours plus tard. <strong>Un afterwork est programm\u00e9 le 16 octobre, de 18 h \u00e0 1 h, au Domaine d&rsquo;Arondeau<\/strong>. La soir\u00e9e comprendra notamment un DJ, un stand de sensibilisation et des goodies.<\/p>\n\n\n\n<p>Plus largement, P\u00e9ruwelz souhaite mobiliser les citoyens, mais aussi les commer\u00e7ants, les \u00e9coles et les coiffeurs autour d&rsquo;initiatives en faveur de Think Pink. La Ville pr\u00e9voit \u00e9galement l&rsquo;organisation annuelle d&rsquo;un \u00e9v\u00e9nement de sensibilisation au profit de l&rsquo;association. Les b\u00e9n\u00e9fices doivent contribuer au financement de la recherche scientifique et\/ou de projets destin\u00e9s aux personnes touch\u00e9es par le cancer du sein.<\/p>\n\n\n\n<p>\u00c0 travers ce nouvel engagement, <strong>P\u00e9ruwelz veut donc inscrire la lutte contre le cancer du sein dans la dur\u00e9e<\/strong>, en combinant information, d\u00e9pistage, \u00e9v\u00e9nements populaires et soutien aux actions de Think Pink.<\/p>\n\n\n\n<p>La ville de P\u00e9ruwelz \u00e9tait d\u00e9j\u00e0 dynamique en mati\u00e8re de pr\u00e9vention. Le P\u00e9ruwelzien Maxime Hellin vient par exemple de boucler l\u2019Ultra Trail du Mont Blanc en r\u00e9coltant 4000 euros pour l\u2019asoociation Think Pink. Il s\u2019est senti port\u00e9 pendant toute la course par cette bonnecause.<\/p>\n\n\n\n<figure class=\"wp-block-audio\"><audio controls src=\"https:\/\/hainaut.sudradio.net\/wp-content\/uploads\/2026\/09\/PERUWELZ-THINK-PINK-7.wav\"><\/audio><\/figure>\n\n\n\n<figure class=\"wp-block-image size-large\"><img loading=\"lazy\" decoding=\"async\" width=\"1024\" height=\"768\" src=\"https:\/\/hainaut.sudradio.net\/wp-content\/uploads\/2026\/09\/THINK-PINK-PERUWELZ-2-1024x768.jpeg\" alt=\"\" class=\"wp-image-39527\" srcset=\"https:\/\/hainaut.sudradio.net\/wp-content\/uploads\/2026\/09\/THINK-PINK-PERUWELZ-2-1024x768.jpeg 1024w, https:\/\/hainaut.sudradio.net\/wp-content\/uploads\/2026\/09\/THINK-PINK-PERUWELZ-2-300x225.jpeg 300w, https:\/\/hainaut.sudradio.net\/wp-content\/uploads\/2026\/09\/THINK-PINK-PERUWELZ-2-768x576.jpeg 768w, https:\/\/hainaut.sudradio.net\/wp-content\/uploads\/2026\/09\/THINK-PINK-PERUWELZ-2-1536x1152.jpeg 1536w, https:\/\/hainaut.sudradio.net\/wp-content\/uploads\/2026\/09\/THINK-PINK-PERUWELZ-2.jpeg 1600w\" sizes=\"auto, (max-width: 1024px) 100vw, 1024px\" \/><\/figure>\n\n\n\n<figure class=\"wp-block-image size-large\"><img loading=\"lazy\" decoding=\"async\" width=\"768\" height=\"1024\" src=\"https:\/\/hainaut.sudradio.net\/wp-content\/uploads\/2026\/09\/THINK-PINK-PERUWELZ-3-768x1024.jpeg\" alt=\"\" class=\"wp-image-39528\" srcset=\"https:\/\/hainaut.sudradio.net\/wp-content\/uploads\/2026\/09\/THINK-PINK-PERUWELZ-3-768x1024.jpeg 768w, https:\/\/hainaut.sudradio.net\/wp-content\/uploads\/2026\/09\/THINK-PINK-PERUWELZ-3-225x300.jpeg 225w, https:\/\/hainaut.sudradio.net\/wp-content\/uploads\/2026\/09\/THINK-PINK-PERUWELZ-3-1152x1536.jpeg 1152w, https:\/\/hainaut.sudradio.net\/wp-content\/uploads\/2026\/09\/THINK-PINK-PERUWELZ-3.jpeg 1200w\" sizes=\"auto, (max-width: 768px) 100vw, 768px\" \/><\/figure>\n","protected":false},"excerpt":{"rendered":"<p>La Ville de P\u00e9ruwelz renforce son engagement dans la lutte contre le cancer du sein aux c\u00f4t\u00e9s de Think Pink. Sensibilisation au d\u00e9pistage, mobilisation durant Octobre Rose, \u00e9v\u00e9nements et deuxi\u00e8me \u00e9dition de la Race for the Cure : plusieurs actions sont pr\u00e9vues. P\u00e9ruwelz passe \u00e0 la vitesse sup\u00e9rieure dans la lutte contre le cancer du [&hellip;]<\/p>\n","protected":false},"author":16,"featured_media":39526,"comment_status":"open","ping_status":"open","sticky":false,"template":"","format":"standard","meta":{"footnotes":""},"categories":[6],"tags":[],"class_list":["post-39519","post","type-post","status-publish","format-standard","has-post-thumbnail","hentry","category-infos"],"_links":{"self":[{"href":"https:\/\/hainaut.sudradio.net\/index.php?rest_route=\/wp\/v2\/posts\/39519","targetHints":{"allow":["GET"]}}],"collection":[{"href":"https:\/\/hainaut.sudradio.net\/index.php?rest_route=\/wp\/v2\/posts"}],"about":[{"href":"https:\/\/hainaut.sudradio.net\/index.php?rest_route=\/wp\/v2\/types\/post"}],"author":[{"embeddable":true,"href":"https:\/\/hainaut.sudradio.net\/index.php?rest_route=\/wp\/v2\/users\/16"}],"replies":[{"embeddable":true,"href":"https:\/\/hainaut.sudradio.net\/index.php?rest_route=%2Fwp%2Fv2%2Fcomments&post=39519"}],"version-history":[{"count":1,"href":"https:\/\/hainaut.sudradio.net\/index.php?rest_route=\/wp\/v2\/posts\/39519\/revisions"}],"predecessor-version":[{"id":39529,"href":"https:\/\/hainaut.sudradio.net\/index.php?rest_route=\/wp\/v2\/posts\/39519\/revisions\/39529"}],"wp:featuredmedia":[{"embeddable":true,"href":"https:\/\/hainaut.sudradio.net\/index.php?rest_route=\/wp\/v2\/media\/39526"}],"wp:attachment":[{"href":"https:\/\/hainaut.sudradio.net\/index.php?rest_route=%2Fwp%2Fv2%2Fmedia&parent=39519"}],"wp:term":[{"taxonomy":"category","embeddable":true,"href":"https:\/\/hainaut.sudradio.net\/index.php?rest_route=%2Fwp%2Fv2%2Fcategories&post=39519"},{"taxonomy":"post_tag","embeddable":true,"href":"https:\/\/hainaut.sudradio.net\/index.php?rest_route=%2Fwp%2Fv2%2Ftags&post=39519"}],"curies":[{"name":"wp","href":"https:\/\/api.w.org\/{rel}","templated":true}]}}