{"id":39507,"date":"2026-09-04T12:59:37","date_gmt":"2026-09-04T12:59:37","guid":{"rendered":"https:\/\/hainaut.sudradio.net\/?p=39507"},"modified":"2026-09-04T12:59:37","modified_gmt":"2026-09-04T12:59:37","slug":"charleroi-lecole-des-chrysalides-entierement-renovee-accueille-ses-eleves","status":"publish","type":"post","link":"https:\/\/hainaut.sudradio.net\/?p=39507","title":{"rendered":"Charleroi : l\u2019\u00e9cole des Chrysalides enti\u00e8rement r\u00e9nov\u00e9e accueille ses \u00e9l\u00e8ves"},"content":{"rendered":"\n<p>Apr\u00e8s plusieurs ann\u00e9es de travail et un parcours marqu\u00e9 par diff\u00e9rentes complications administratives et juridiques, l\u2019\u00e9cole des Chrysalides \u00e0 Charleroi b\u00e9n\u00e9ficie d\u00e9sormais d\u2019un \u00e9tablissement enti\u00e8rement r\u00e9nov\u00e9. Des locaux plus modernes, confortables et adapt\u00e9s aux besoins des enfants et des enseignants qui donnent un nouveau souffle \u00e0 l\u2019\u00e9cole.<\/p>\n\n\n\n<p>Implant\u00e9e rue Jacquin, dans un quartier situ\u00e9 en plein essor non loin du centre de Marchienne-au-Pont et de sa maison communale, l\u2019\u00e9cole des Chrysalides a fait l\u2019objet d\u2019une r\u00e9novation globale. Un projet de longue haleine, men\u00e9 par le Bureau d\u2019\u00c9tude de la Ville.<\/p>\n\n\n\n<p>Pour Julie Patte, \u00c9chevine de l\u2019Enseignement, l\u2019aboutissement du chantier constitue une excellente nouvelle : \u00ab Je me r\u00e9jouis de voir se conclure ce projet qui a connu de trop nombreux d\u00e9boires. C\u2019est un dossier qui me tient particuli\u00e8rement \u00e0 c\u0153ur et dont j\u2019avais fait une priorit\u00e9 durant cette l\u00e9gislature. \u00bb<\/p>\n\n\n\n<p>L\u2019objectif \u00e9tait clair : remettre l\u2019\u00e9cole totalement \u00e0 neuf et offrir aux enfants comme aux \u00e9quipes \u00e9ducatives des locaux modernes, bien pens\u00e9s et confortables.<\/p>\n\n\n\n<h2 class=\"wp-block-heading\">De nouveaux \u00e9quipements pour am\u00e9liorer le quotidien des \u00e9l\u00e8ves<\/h2>\n\n\n\n<p>Au-del\u00e0 du confort apport\u00e9 par la r\u00e9novation des b\u00e2timents, l\u2019\u00e9tablissement profite d\u00e9sormais de nombreux nouveaux am\u00e9nagements.<\/p>\n\n\n\n<p>L\u2019\u00e9cole dispose notamment d\u2019un r\u00e9fectoire destin\u00e9 aux \u00e9l\u00e8ves de primaire et de maternelle, d\u2019une salle de gymnastique et de psychomotricit\u00e9 ainsi que d\u2019une cuisine \u00e9quip\u00e9e pour la distribution des repas. Deux pr\u00e9aux ont \u00e9galement \u00e9t\u00e9 am\u00e9nag\u00e9s.<\/p>\n\n\n\n<p>L\u2019accessibilit\u00e9 a fait partie int\u00e9grante du projet, avec la cr\u00e9ation d\u2019une rampe permettant aux personnes \u00e0 mobilit\u00e9 r\u00e9duite d&rsquo;acc\u00e9der \u00e0 l\u2019int\u00e9rieur de l\u2019\u00e9cole et \u00e0 un ascenseur.<\/p>\n\n\n\n<p>La s\u00e9curit\u00e9 a elle aussi \u00e9t\u00e9 renforc\u00e9e. L&rsquo;\u00e9tablissement dispose d\u00e9sormais d\u2019une entr\u00e9e s\u00e9curis\u00e9e, avec un syst\u00e8me de badges et de parlophonie.<\/p>\n\n\n\n<h2 class=\"wp-block-heading\">Une cour \u00ab oasis \u00bb adapt\u00e9e au r\u00e9chauffement climatique<\/h2>\n\n\n\n<p>Une attention particuli\u00e8re a \u00e9galement \u00e9t\u00e9 accord\u00e9e aux espaces ext\u00e9rieurs et \u00e0 la v\u00e9g\u00e9talisation de la cour de r\u00e9cr\u00e9ation.<\/p>\n\n\n\n<p>L\u2019ambition est d\u2019en faire une v\u00e9ritable <strong>cour \u00ab oasis \u00bb<\/strong>, mieux adapt\u00e9e aux cons\u00e9quences du r\u00e9chauffement climatique et pens\u00e9e pour favoriser le bien-\u00eatre des enfants.<\/p>\n\n\n\n<p>Ces nouveaux am\u00e9nagements semblent d\u00e9j\u00e0 renforcer l\u2019attractivit\u00e9 de l\u2019\u00e9tablissement. Selon la Ville, <strong>le nombre d\u2019\u00e9l\u00e8ves en primaire a augment\u00e9 de pr\u00e8s de 25 %<\/strong>.<\/p>\n\n\n\n<h2 class=\"wp-block-heading\">Un chantier r\u00e9alis\u00e9 en interne par la Ville<\/h2>\n\n\n\n<p>Mahmut Dogru, \u00c9chevin des B\u00e2timents, souligne \u00e9galement la particularit\u00e9 du projet. La r\u00e9novation s\u2019apparente en effet presque \u00e0 une d\u00e9molition-reconstruction et l\u2019ensemble du dossier a \u00e9t\u00e9 men\u00e9 en interne par le Bureau d\u2019\u00c9tude de la Ville.<\/p>\n\n\n\n<p>L\u2019\u00c9chevin se f\u00e9licite par ailleurs du respect du budget et des d\u00e9lais des travaux : \u00ab Avec ce dossier, on prouve \u00e0 tous que nos services sont d\u2019une grande qualit\u00e9 et que de grands projets peuvent \u00eatre men\u00e9s en interne. \u00bb<\/p>\n\n\n\n<p>Avec cette r\u00e9novation compl\u00e8te, l\u2019\u00e9cole des Chrysalides entame donc une nouvelle \u00e9tape de son histoire, avec un environnement modernis\u00e9 qui entend conjuguer <strong>qualit\u00e9 p\u00e9dagogique, accessibilit\u00e9, s\u00e9curit\u00e9 et bien-\u00eatre des enfants<\/strong>.<\/p>\n\n\n\n<p>Vous trouverez ci-dessous, l&rsquo;interview compl\u00e8te de Julie Patte, l&rsquo;\u00e9chevine de l&rsquo;Enseignement. <\/p>\n\n\n\n<figure class=\"wp-block-audio\"><audio controls src=\"https:\/\/hainaut.sudradio.net\/wp-content\/uploads\/2026\/09\/2026-09-04-JULIE-PATTE-MARCHIENNE_ZOOM-M2_2.mp3\"><\/audio><\/figure>\n\n\n\n<figure class=\"wp-block-image size-large\"><img loading=\"lazy\" decoding=\"async\" width=\"768\" height=\"1024\" src=\"https:\/\/hainaut.sudradio.net\/wp-content\/uploads\/2026\/09\/MARCHIENNE-2-768x1024.jpeg\" alt=\"\" class=\"wp-image-39510\" srcset=\"https:\/\/hainaut.sudradio.net\/wp-content\/uploads\/2026\/09\/MARCHIENNE-2-768x1024.jpeg 768w, https:\/\/hainaut.sudradio.net\/wp-content\/uploads\/2026\/09\/MARCHIENNE-2-225x300.jpeg 225w, https:\/\/hainaut.sudradio.net\/wp-content\/uploads\/2026\/09\/MARCHIENNE-2-1152x1536.jpeg 1152w, https:\/\/hainaut.sudradio.net\/wp-content\/uploads\/2026\/09\/MARCHIENNE-2.jpeg 1200w\" sizes=\"auto, (max-width: 768px) 100vw, 768px\" \/><\/figure>\n\n\n\n<figure class=\"wp-block-image size-large\"><img loading=\"lazy\" decoding=\"async\" width=\"768\" height=\"1024\" src=\"https:\/\/hainaut.sudradio.net\/wp-content\/uploads\/2026\/09\/MARCHIENNE-3-768x1024.jpeg\" alt=\"\" class=\"wp-image-39511\" srcset=\"https:\/\/hainaut.sudradio.net\/wp-content\/uploads\/2026\/09\/MARCHIENNE-3-768x1024.jpeg 768w, https:\/\/hainaut.sudradio.net\/wp-content\/uploads\/2026\/09\/MARCHIENNE-3-225x300.jpeg 225w, https:\/\/hainaut.sudradio.net\/wp-content\/uploads\/2026\/09\/MARCHIENNE-3-1152x1536.jpeg 1152w, https:\/\/hainaut.sudradio.net\/wp-content\/uploads\/2026\/09\/MARCHIENNE-3.jpeg 1200w\" sizes=\"auto, (max-width: 768px) 100vw, 768px\" \/><\/figure>\n\n\n\n<figure class=\"wp-block-image size-large\"><img loading=\"lazy\" decoding=\"async\" width=\"768\" height=\"1024\" src=\"https:\/\/hainaut.sudradio.net\/wp-content\/uploads\/2026\/09\/MARCHIENNE-4-768x1024.jpeg\" alt=\"\" class=\"wp-image-39512\" srcset=\"https:\/\/hainaut.sudradio.net\/wp-content\/uploads\/2026\/09\/MARCHIENNE-4-768x1024.jpeg 768w, https:\/\/hainaut.sudradio.net\/wp-content\/uploads\/2026\/09\/MARCHIENNE-4-225x300.jpeg 225w, https:\/\/hainaut.sudradio.net\/wp-content\/uploads\/2026\/09\/MARCHIENNE-4-1152x1536.jpeg 1152w, https:\/\/hainaut.sudradio.net\/wp-content\/uploads\/2026\/09\/MARCHIENNE-4.jpeg 1200w\" sizes=\"auto, (max-width: 768px) 100vw, 768px\" \/><\/figure>\n\n\n\n<figure class=\"wp-block-image size-large\"><img loading=\"lazy\" decoding=\"async\" width=\"768\" height=\"1024\" src=\"https:\/\/hainaut.sudradio.net\/wp-content\/uploads\/2026\/09\/MARCHIENNE-5-768x1024.jpeg\" alt=\"\" class=\"wp-image-39513\" srcset=\"https:\/\/hainaut.sudradio.net\/wp-content\/uploads\/2026\/09\/MARCHIENNE-5-768x1024.jpeg 768w, https:\/\/hainaut.sudradio.net\/wp-content\/uploads\/2026\/09\/MARCHIENNE-5-225x300.jpeg 225w, https:\/\/hainaut.sudradio.net\/wp-content\/uploads\/2026\/09\/MARCHIENNE-5-1152x1536.jpeg 1152w, https:\/\/hainaut.sudradio.net\/wp-content\/uploads\/2026\/09\/MARCHIENNE-5.jpeg 1200w\" sizes=\"auto, (max-width: 768px) 100vw, 768px\" \/><\/figure>\n\n\n\n<figure class=\"wp-block-image size-large\"><img loading=\"lazy\" decoding=\"async\" width=\"1024\" height=\"576\" src=\"https:\/\/hainaut.sudradio.net\/wp-content\/uploads\/2026\/09\/Ni-vue-ni-connue-\u00a9-Avenue-B-18-1024x576.jpg\" alt=\"\" class=\"wp-image-39514\" srcset=\"https:\/\/hainaut.sudradio.net\/wp-content\/uploads\/2026\/09\/Ni-vue-ni-connue-\u00a9-Avenue-B-18-1024x576.jpg 1024w, https:\/\/hainaut.sudradio.net\/wp-content\/uploads\/2026\/09\/Ni-vue-ni-connue-\u00a9-Avenue-B-18-300x169.jpg 300w, https:\/\/hainaut.sudradio.net\/wp-content\/uploads\/2026\/09\/Ni-vue-ni-connue-\u00a9-Avenue-B-18-768x432.jpg 768w, https:\/\/hainaut.sudradio.net\/wp-content\/uploads\/2026\/09\/Ni-vue-ni-connue-\u00a9-Avenue-B-18-1536x864.jpg 1536w, https:\/\/hainaut.sudradio.net\/wp-content\/uploads\/2026\/09\/Ni-vue-ni-connue-\u00a9-Avenue-B-18.jpg 1920w\" sizes=\"auto, (max-width: 1024px) 100vw, 1024px\" \/><\/figure>\n","protected":false},"excerpt":{"rendered":"<p>Apr\u00e8s plusieurs ann\u00e9es de travail et un parcours marqu\u00e9 par diff\u00e9rentes complications administratives et juridiques, l\u2019\u00e9cole des Chrysalides \u00e0 Charleroi b\u00e9n\u00e9ficie d\u00e9sormais d\u2019un \u00e9tablissement enti\u00e8rement r\u00e9nov\u00e9. Des locaux plus modernes, confortables et adapt\u00e9s aux besoins des enfants et des enseignants qui donnent un nouveau souffle \u00e0 l\u2019\u00e9cole. Implant\u00e9e rue Jacquin, dans un quartier situ\u00e9 en [&hellip;]<\/p>\n","protected":false},"author":16,"featured_media":39509,"comment_status":"open","ping_status":"open","sticky":false,"template":"","format":"standard","meta":{"footnotes":""},"categories":[6],"tags":[],"class_list":["post-39507","post","type-post","status-publish","format-standard","has-post-thumbnail","hentry","category-infos"],"_links":{"self":[{"href":"https:\/\/hainaut.sudradio.net\/index.php?rest_route=\/wp\/v2\/posts\/39507","targetHints":{"allow":["GET"]}}],"collection":[{"href":"https:\/\/hainaut.sudradio.net\/index.php?rest_route=\/wp\/v2\/posts"}],"about":[{"href":"https:\/\/hainaut.sudradio.net\/index.php?rest_route=\/wp\/v2\/types\/post"}],"author":[{"embeddable":true,"href":"https:\/\/hainaut.sudradio.net\/index.php?rest_route=\/wp\/v2\/users\/16"}],"replies":[{"embeddable":true,"href":"https:\/\/hainaut.sudradio.net\/index.php?rest_route=%2Fwp%2Fv2%2Fcomments&post=39507"}],"version-history":[{"count":1,"href":"https:\/\/hainaut.sudradio.net\/index.php?rest_route=\/wp\/v2\/posts\/39507\/revisions"}],"predecessor-version":[{"id":39515,"href":"https:\/\/hainaut.sudradio.net\/index.php?rest_route=\/wp\/v2\/posts\/39507\/revisions\/39515"}],"wp:featuredmedia":[{"embeddable":true,"href":"https:\/\/hainaut.sudradio.net\/index.php?rest_route=\/wp\/v2\/media\/39509"}],"wp:attachment":[{"href":"https:\/\/hainaut.sudradio.net\/index.php?rest_route=%2Fwp%2Fv2%2Fmedia&parent=39507"}],"wp:term":[{"taxonomy":"category","embeddable":true,"href":"https:\/\/hainaut.sudradio.net\/index.php?rest_route=%2Fwp%2Fv2%2Fcategories&post=39507"},{"taxonomy":"post_tag","embeddable":true,"href":"https:\/\/hainaut.sudradio.net\/index.php?rest_route=%2Fwp%2Fv2%2Ftags&post=39507"}],"curies":[{"name":"wp","href":"https:\/\/api.w.org\/{rel}","templated":true}]}}