{"id":39505,"date":"2026-09-03T12:23:59","date_gmt":"2026-09-03T12:23:59","guid":{"rendered":"https:\/\/hainaut.sudradio.net\/?p=39505"},"modified":"2026-09-03T12:23:59","modified_gmt":"2026-09-03T12:23:59","slug":"la-sncb-renforce-son-offre-le-samedi-dans-le-hainaut-des-le-12-septembre","status":"publish","type":"post","link":"https:\/\/hainaut.sudradio.net\/?p=39505","title":{"rendered":"La SNCB renforce son offre le samedi dans le Hainaut d\u00e8s le 12 septembre"},"content":{"rendered":"\n<p>La SNCB va renforcer son offre de trains d\u00e8s ce mois de septembre, avec plusieurs adaptations pr\u00e9vues en Wallonie et en Flandre. Dans le Hainaut, les principaux changements concerneront surtout les d\u00e9placements du samedi.<\/p>\n\n\n\n<p>\u00c0 partir du week-end du 12 septembre, la relation S62 entre Charleroi et La Louvi\u00e8re, via Luttre et Manage, circulera d\u00e9sormais toutes les heures le samedi. Jusqu\u2019ici, cette liaison n\u2019\u00e9tait assur\u00e9e que toutes les deux heures.<\/p>\n\n\n\n<p>M\u00eame \u00e9volution pour la ligne S63 entre Charleroi, Thuin et Erquelinnes. L\u00e0 aussi, un train circulera chaque heure le samedi \u00e0 partir du 12 septembre.<\/p>\n\n\n\n<p>Sur la portion fran\u00e7aise, la desserte vers Maubeuge restera toutefois limit\u00e9e \u00e0 un train toutes les deux heures.<\/p>\n\n\n\n<h2 class=\"wp-block-heading\">Une offre renforc\u00e9e le week-end<\/h2>\n\n\n\n<p>Avec ces changements, la SNCB veut offrir davantage de flexibilit\u00e9 aux voyageurs du Hainaut, en particulier pour les d\u00e9placements du samedi.<\/p>\n\n\n\n<p>Ces adaptations s\u2019inscrivent dans la derni\u00e8re phase du plan de transport 2023-2026 de la SNCB, qui vise \u00e0 augmenter le nombre de relations ferroviaires et \u00e0 renforcer la fr\u00e9quence de certaines dessertes, surtout le week-end.<\/p>\n\n\n\n<p>D\u2019autres changements entreront \u00e9galement en vigueur ailleurs dans le pays, notamment dans les provinces d\u2019Anvers et du Limbourg.<\/p>\n\n\n\n<h2 class=\"wp-block-heading\">Quelques horaires adapt\u00e9s d\u00e8s le 7 septembre<\/h2>\n\n\n\n<p>Par ailleurs, d\u00e8s le lundi 7 septembre, certains horaires et parcours seront l\u00e9g\u00e8rement modifi\u00e9s. La SNCB explique que ces adaptations doivent permettre de mieux tenir compte des travaux men\u00e9s par Infrabel sur le r\u00e9seau et d\u2019am\u00e9liorer la fluidit\u00e9 du trafic.<\/p>\n\n\n\n<p>Les voyageurs sont invit\u00e9s \u00e0 v\u00e9rifier les horaires dans l\u2019application ou sur le site de la SNCB avant leur d\u00e9part.<\/p>\n","protected":false},"excerpt":{"rendered":"<p>La SNCB va renforcer son offre de trains d\u00e8s ce mois de septembre, avec plusieurs adaptations pr\u00e9vues en Wallonie et en Flandre. Dans le Hainaut, les principaux changements concerneront surtout les d\u00e9placements du samedi. \u00c0 partir du week-end du 12 septembre, la relation S62 entre Charleroi et La Louvi\u00e8re, via Luttre et Manage, circulera d\u00e9sormais [&hellip;]<\/p>\n","protected":false},"author":16,"featured_media":11410,"comment_status":"open","ping_status":"open","sticky":false,"template":"","format":"standard","meta":{"footnotes":""},"categories":[6],"tags":[],"class_list":["post-39505","post","type-post","status-publish","format-standard","has-post-thumbnail","hentry","category-infos"],"_links":{"self":[{"href":"https:\/\/hainaut.sudradio.net\/index.php?rest_route=\/wp\/v2\/posts\/39505","targetHints":{"allow":["GET"]}}],"collection":[{"href":"https:\/\/hainaut.sudradio.net\/index.php?rest_route=\/wp\/v2\/posts"}],"about":[{"href":"https:\/\/hainaut.sudradio.net\/index.php?rest_route=\/wp\/v2\/types\/post"}],"author":[{"embeddable":true,"href":"https:\/\/hainaut.sudradio.net\/index.php?rest_route=\/wp\/v2\/users\/16"}],"replies":[{"embeddable":true,"href":"https:\/\/hainaut.sudradio.net\/index.php?rest_route=%2Fwp%2Fv2%2Fcomments&post=39505"}],"version-history":[{"count":1,"href":"https:\/\/hainaut.sudradio.net\/index.php?rest_route=\/wp\/v2\/posts\/39505\/revisions"}],"predecessor-version":[{"id":39506,"href":"https:\/\/hainaut.sudradio.net\/index.php?rest_route=\/wp\/v2\/posts\/39505\/revisions\/39506"}],"wp:featuredmedia":[{"embeddable":true,"href":"https:\/\/hainaut.sudradio.net\/index.php?rest_route=\/wp\/v2\/media\/11410"}],"wp:attachment":[{"href":"https:\/\/hainaut.sudradio.net\/index.php?rest_route=%2Fwp%2Fv2%2Fmedia&parent=39505"}],"wp:term":[{"taxonomy":"category","embeddable":true,"href":"https:\/\/hainaut.sudradio.net\/index.php?rest_route=%2Fwp%2Fv2%2Fcategories&post=39505"},{"taxonomy":"post_tag","embeddable":true,"href":"https:\/\/hainaut.sudradio.net\/index.php?rest_route=%2Fwp%2Fv2%2Ftags&post=39505"}],"curies":[{"name":"wp","href":"https:\/\/api.w.org\/{rel}","templated":true}]}}