{"id":39502,"date":"2026-09-03T10:27:34","date_gmt":"2026-09-03T10:27:34","guid":{"rendered":"https:\/\/hainaut.sudradio.net\/?p=39502"},"modified":"2026-09-03T10:27:34","modified_gmt":"2026-09-03T10:27:34","slug":"lumons-et-condorcet-sassocient-pour-former-les-futurs-kinesitherapeutes-a-charleroi-et-tournai","status":"publish","type":"post","link":"https:\/\/hainaut.sudradio.net\/?p=39502","title":{"rendered":"L\u2019UMONS et Condorcet s\u2019associent pour former les futurs kin\u00e9sith\u00e9rapeutes \u00e0 Charleroi et Tournai"},"content":{"rendered":"\n<p>Une nouvelle collaboration voit le jour dans l\u2019enseignement sup\u00e9rieur en Hainaut. D\u00e8s la rentr\u00e9e acad\u00e9mique 2026-2027, l\u2019Universit\u00e9 de Mons (UMONS) et la Haute \u00c9cole Provinciale de Hainaut \u2013 Condorcet s\u2019associent autour du nouveau Master en kin\u00e9sith\u00e9rapie et r\u00e9adaptation, organis\u00e9 \u00e0 Charleroi et Tournai. Un cursus qui passe d\u00e9sormais \u00e0 cinq ann\u00e9es d\u2019\u00e9tudes.<\/p>\n\n\n\n<p>La r\u00e9forme des \u00e9tudes de kin\u00e9sith\u00e9rapie, vot\u00e9e en f\u00e9vrier 2026 par le Gouvernement de la F\u00e9d\u00e9ration Wallonie-Bruxelles, allonge la formation d\u2019une ann\u00e9e. L\u2019objectif est notamment de pr\u00e9parer les futurs kin\u00e9sith\u00e9rapeutes \u00e0 l\u2019\u00e9volution de leurs responsabilit\u00e9s et aux changements attendus dans la prise en charge des patients.<\/p>\n\n\n\n<h2 class=\"wp-block-heading\">100 heures de stage suppl\u00e9mentaires<\/h2>\n\n\n\n<p>Les \u00e9tudiants inscrits sur les implantations de Charleroi et Tournai de la HEPH \u2013 Condorcet continueront de profiter de l\u2019exp\u00e9rience pratique d\u00e9velopp\u00e9e par l\u2019\u00e9tablissement depuis plus de 60 ans. L\u2019arriv\u00e9e de l\u2019UMONS doit, de son c\u00f4t\u00e9, permettre de renforcer les enseignements scientifiques ainsi que la place accord\u00e9e \u00e0 la recherche.<\/p>\n\n\n\n<p>Le nouveau cursus pr\u00e9voit \u00e9galement 100 heures de stage suppl\u00e9mentaires. Une fa\u00e7on de permettre aux \u00e9tudiants d\u2019acqu\u00e9rir davantage d\u2019exp\u00e9rience avant leur entr\u00e9e dans la vie professionnelle.<\/p>\n\n\n\n<p>Pour Laurent Lefebvre, Recteur de l\u2019UMONS, cette collaboration doit permettre d\u2019\u00ab offrir une formation de Master en kin\u00e9sith\u00e9rapie et r\u00e9adaptation renforc\u00e9e \u00e0 Charleroi et Tournai \u00bb. Il souligne \u00e9galement la volont\u00e9 de l\u2019universit\u00e9 de conforter sa place comme acteur de la formation dans le Hainaut.<\/p>\n\n\n\n<h2 class=\"wp-block-heading\">Pr\u00e9parer les kin\u00e9s \u00e0 l\u2019acc\u00e8s direct des patients<\/h2>\n\n\n\n<p>La r\u00e9forme accompagne \u00e9galement une \u00e9volution importante de la profession. Pour certaines pathologies musculo-squelettiques, un patient pourra \u00e0 l\u2019avenir se rendre directement chez un kin\u00e9sith\u00e9rapeute sans passer pr\u00e9alablement par une prescription m\u00e9dicale.<\/p>\n\n\n\n<p>Le kin\u00e9 devra alors \u00eatre capable de r\u00e9aliser une \u00e9valuation clinique, de d\u00e9terminer si une prise en charge est adapt\u00e9e et, si n\u00e9cessaire, d\u2019orienter le patient vers un m\u00e9decin.<\/p>\n\n\n\n<p>\u00ab Pour les patients, c\u2019est la promesse d\u2019un acc\u00e8s plus rapide aux soins \u00bb, souligne Ingrid Leclercq, directrice du d\u00e9partement des Sciences de la motricit\u00e9 de la HEPH \u2013 Condorcet. Cette \u00e9volution implique aussi davantage de responsabilit\u00e9s pour les professionnels et n\u00e9cessite donc des comp\u00e9tences renforc\u00e9es en mati\u00e8re d\u2019analyse et de soins.<\/p>\n\n\n\n<p>La fili\u00e8re repr\u00e9sente d\u00e9j\u00e0 un poids important dans la formation en Hainaut. Selon Condorcet, plus de 800 \u00e9tudiants s\u2019inscrivent chaque ann\u00e9e en premi\u00e8re ann\u00e9e sur les implantations de Charleroi et Tournai, tandis qu\u2019environ 150 \u00e9tudiants sont dipl\u00f4m\u00e9s annuellement.<\/p>\n\n\n\n<p>Avec ce partenariat et l\u2019allongement du cursus, l\u2019UMONS et Condorcet entendent d\u00e9sormais adapter la formation des futurs kin\u00e9sith\u00e9rapeutes aux nouvelles r\u00e9alit\u00e9s de leur profession.<\/p>\n","protected":false},"excerpt":{"rendered":"<p>Une nouvelle collaboration voit le jour dans l\u2019enseignement sup\u00e9rieur en Hainaut. D\u00e8s la rentr\u00e9e acad\u00e9mique 2026-2027, l\u2019Universit\u00e9 de Mons (UMONS) et la Haute \u00c9cole Provinciale de Hainaut \u2013 Condorcet s\u2019associent autour du nouveau Master en kin\u00e9sith\u00e9rapie et r\u00e9adaptation, organis\u00e9 \u00e0 Charleroi et Tournai. Un cursus qui passe d\u00e9sormais \u00e0 cinq ann\u00e9es d\u2019\u00e9tudes. La r\u00e9forme des [&hellip;]<\/p>\n","protected":false},"author":16,"featured_media":39503,"comment_status":"open","ping_status":"open","sticky":false,"template":"","format":"standard","meta":{"footnotes":""},"categories":[6],"tags":[],"class_list":["post-39502","post","type-post","status-publish","format-standard","has-post-thumbnail","hentry","category-infos"],"_links":{"self":[{"href":"https:\/\/hainaut.sudradio.net\/index.php?rest_route=\/wp\/v2\/posts\/39502","targetHints":{"allow":["GET"]}}],"collection":[{"href":"https:\/\/hainaut.sudradio.net\/index.php?rest_route=\/wp\/v2\/posts"}],"about":[{"href":"https:\/\/hainaut.sudradio.net\/index.php?rest_route=\/wp\/v2\/types\/post"}],"author":[{"embeddable":true,"href":"https:\/\/hainaut.sudradio.net\/index.php?rest_route=\/wp\/v2\/users\/16"}],"replies":[{"embeddable":true,"href":"https:\/\/hainaut.sudradio.net\/index.php?rest_route=%2Fwp%2Fv2%2Fcomments&post=39502"}],"version-history":[{"count":1,"href":"https:\/\/hainaut.sudradio.net\/index.php?rest_route=\/wp\/v2\/posts\/39502\/revisions"}],"predecessor-version":[{"id":39504,"href":"https:\/\/hainaut.sudradio.net\/index.php?rest_route=\/wp\/v2\/posts\/39502\/revisions\/39504"}],"wp:featuredmedia":[{"embeddable":true,"href":"https:\/\/hainaut.sudradio.net\/index.php?rest_route=\/wp\/v2\/media\/39503"}],"wp:attachment":[{"href":"https:\/\/hainaut.sudradio.net\/index.php?rest_route=%2Fwp%2Fv2%2Fmedia&parent=39502"}],"wp:term":[{"taxonomy":"category","embeddable":true,"href":"https:\/\/hainaut.sudradio.net\/index.php?rest_route=%2Fwp%2Fv2%2Fcategories&post=39502"},{"taxonomy":"post_tag","embeddable":true,"href":"https:\/\/hainaut.sudradio.net\/index.php?rest_route=%2Fwp%2Fv2%2Ftags&post=39502"}],"curies":[{"name":"wp","href":"https:\/\/api.w.org\/{rel}","templated":true}]}}