{"id":39499,"date":"2026-09-03T08:21:59","date_gmt":"2026-09-03T08:21:59","guid":{"rendered":"https:\/\/hainaut.sudradio.net\/?p=39499"},"modified":"2026-09-03T08:21:59","modified_gmt":"2026-09-03T08:21:59","slug":"le-vin-hennuyer-couvert-dor-le-chant-deole-et-le-chateau-dharveng-primes-a-linternational","status":"publish","type":"post","link":"https:\/\/hainaut.sudradio.net\/?p=39499","title":{"rendered":"Le vin hennuyer couvert d\u2019or : le Chant d\u2019\u00c9ole et le Ch\u00e2teau d\u2019Harveng prim\u00e9s \u00e0 l\u2019international"},"content":{"rendered":"\n<p>Le vin hennuyer continue de se faire une place sur la sc\u00e8ne internationale. En l\u2019espace de seulement 24 heures, le Domaine du Chant d\u2019\u00c9ole, install\u00e9 \u00e0 Qu\u00e9vy, a accumul\u00e9 les r\u00e9compenses lors de concours organis\u00e9s en Allemagne et en Chine.<\/p>\n\n\n\n<p>Le domaine avait d\u2019abord d\u00e9croch\u00e9 deux m\u00e9dailles d\u2019or au concours international Mundus Vini, en Allemagne. Un jour plus tard, plusieurs de ses cuv\u00e9es ont \u00e0 nouveau \u00e9t\u00e9 distingu\u00e9es, cette fois au China Wine &amp; Spirits Awards.<\/p>\n\n\n\n<p>Le Brut Ros\u00e9 et la Cuv\u00e9e Sous-Bois ont chacun obtenu une m\u00e9daille d\u2019or. La Cuv\u00e9e Classique Brut Blanc de Blancs s\u2019est particuli\u00e8rement d\u00e9marqu\u00e9e en remportant une double m\u00e9daille d\u2019or.<\/p>\n\n\n\n<p><strong>Plus de dix ans de travail r\u00e9compens\u00e9s<\/strong><\/p>\n\n\n\n<p>Pour le Domaine du Chant d\u2019\u00c9ole, cette succession de r\u00e9compenses vient saluer plus de dix ann\u00e9es consacr\u00e9es au d\u00e9veloppement de son vignoble et de ses cuv\u00e9es.<\/p>\n\n\n\n<p>Le domaine y voit \u00e9galement un signe de la progression du vin belge sur la sc\u00e8ne internationale. Encore relativement jeune face aux grandes nations viticoles historiques, le secteur viticole belge multiplie ces derni\u00e8res ann\u00e9es les reconnaissances \u00e0 l\u2019\u00e9tranger.<\/p>\n\n\n\n<p><strong>Une premi\u00e8re pour le Ch\u00e2teau d\u2019Harveng<\/strong><\/p>\n\n\n\n<p>Et le Chant d\u2019\u00c9ole n\u2019est pas le seul domaine hennuyer \u00e0 revenir de Chine avec une r\u00e9compense.<\/p>\n\n\n\n<p>Le Ch\u00e2teau d\u2019Harveng et In\u00e8s Ewbank ont \u00e9galement obtenu une m\u00e9daille d\u2019or au China Wine &amp; Spirits Awards. Une r\u00e9compense particuli\u00e8re puisqu\u2019il s\u2019agit de la toute premi\u00e8re distinction internationale d\u00e9croch\u00e9e par le Ch\u00e2teau d\u2019Harveng.<\/p>\n\n\n\n<p>Deux domaines hennuyers r\u00e9compens\u00e9s qui illustrent ainsi la mont\u00e9e en puissance d\u2019une production viticole belge encore jeune, mais de plus en plus remarqu\u00e9e au-del\u00e0 de nos fronti\u00e8res.<\/p>\n","protected":false},"excerpt":{"rendered":"<p>Le vin hennuyer continue de se faire une place sur la sc\u00e8ne internationale. En l\u2019espace de seulement 24 heures, le Domaine du Chant d\u2019\u00c9ole, install\u00e9 \u00e0 Qu\u00e9vy, a accumul\u00e9 les r\u00e9compenses lors de concours organis\u00e9s en Allemagne et en Chine. Le domaine avait d\u2019abord d\u00e9croch\u00e9 deux m\u00e9dailles d\u2019or au concours international Mundus Vini, en Allemagne. [&hellip;]<\/p>\n","protected":false},"author":16,"featured_media":39500,"comment_status":"open","ping_status":"open","sticky":false,"template":"","format":"standard","meta":{"footnotes":""},"categories":[6],"tags":[],"class_list":["post-39499","post","type-post","status-publish","format-standard","has-post-thumbnail","hentry","category-infos"],"_links":{"self":[{"href":"https:\/\/hainaut.sudradio.net\/index.php?rest_route=\/wp\/v2\/posts\/39499","targetHints":{"allow":["GET"]}}],"collection":[{"href":"https:\/\/hainaut.sudradio.net\/index.php?rest_route=\/wp\/v2\/posts"}],"about":[{"href":"https:\/\/hainaut.sudradio.net\/index.php?rest_route=\/wp\/v2\/types\/post"}],"author":[{"embeddable":true,"href":"https:\/\/hainaut.sudradio.net\/index.php?rest_route=\/wp\/v2\/users\/16"}],"replies":[{"embeddable":true,"href":"https:\/\/hainaut.sudradio.net\/index.php?rest_route=%2Fwp%2Fv2%2Fcomments&post=39499"}],"version-history":[{"count":1,"href":"https:\/\/hainaut.sudradio.net\/index.php?rest_route=\/wp\/v2\/posts\/39499\/revisions"}],"predecessor-version":[{"id":39501,"href":"https:\/\/hainaut.sudradio.net\/index.php?rest_route=\/wp\/v2\/posts\/39499\/revisions\/39501"}],"wp:featuredmedia":[{"embeddable":true,"href":"https:\/\/hainaut.sudradio.net\/index.php?rest_route=\/wp\/v2\/media\/39500"}],"wp:attachment":[{"href":"https:\/\/hainaut.sudradio.net\/index.php?rest_route=%2Fwp%2Fv2%2Fmedia&parent=39499"}],"wp:term":[{"taxonomy":"category","embeddable":true,"href":"https:\/\/hainaut.sudradio.net\/index.php?rest_route=%2Fwp%2Fv2%2Fcategories&post=39499"},{"taxonomy":"post_tag","embeddable":true,"href":"https:\/\/hainaut.sudradio.net\/index.php?rest_route=%2Fwp%2Fv2%2Ftags&post=39499"}],"curies":[{"name":"wp","href":"https:\/\/api.w.org\/{rel}","templated":true}]}}