{"id":39479,"date":"2026-09-03T06:01:24","date_gmt":"2026-09-03T06:01:24","guid":{"rendered":"https:\/\/hainaut.sudradio.net\/?p=39479"},"modified":"2026-09-03T06:03:35","modified_gmt":"2026-09-03T06:03:35","slug":"rencontre-avec-marie-amandine-vandeghinste-championne-deurope-et-du-monde-de-voile","status":"publish","type":"post","link":"https:\/\/hainaut.sudradio.net\/?p=39479","title":{"rendered":"Rencontre avec Marie-Amandine Vandeghinste, championne d&rsquo;Europe et du monde de voile !"},"content":{"rendered":"\n<p>Ce n\u2019est pas tous les jours qu\u2019on vous propose l\u2019interview d\u2019une championne du monde. La navigatrice <strong>Tournaisienne <\/strong>Marie-Amandine Vandeghinste a r\u00e9ussi un exploit retentissant cet \u00e9t\u00e9. Apr\u00e8s 20 ans sans comp\u00e9tition elle et devenue <strong>championne du monde<\/strong> en juillet en Pologne et <strong>championne d\u2019Europe<\/strong> en ao\u00fbt \u00e0 Biscarosse. Un exploit exceptionnel. \u00a0Ga\u00ebtan Lebailly l\u2019a rencontr\u00e9e.<\/p>\n\n\n\n<p>Elle explique ce qu\u2019elle a fait pendant 20 ans sans comp\u00e9tition, entre ses 18 et ses 38 ans<\/p>\n\n\n\n<figure class=\"wp-block-audio\"><audio controls src=\"https:\/\/hainaut.sudradio.net\/wp-content\/uploads\/2026\/09\/2026-09-03-VANDEGHINSTE-1.mp3\"><\/audio><\/figure>\n\n\n\n<p>Elle explique son retour \u00e0 la comp\u00e9tition, il y a 3 ans, un peu par hasard pour montrer l\u2019exemple \u00e0 ses 3 filles <\/p>\n\n\n\n<figure class=\"wp-block-audio\"><audio controls src=\"https:\/\/hainaut.sudradio.net\/wp-content\/uploads\/2026\/09\/2026-09-03-VANDEGHINSTE-2.mp3\"><\/audio><\/figure>\n\n\n\n<p>C\u2019est un peu par hasard qu\u2019elle a particip\u00e9 aux championnats du monde alors qu\u2019elle pr\u00e9parait son retour aux championnats d\u2019Europe <\/p>\n\n\n\n<figure class=\"wp-block-audio\"><audio controls src=\"https:\/\/hainaut.sudradio.net\/wp-content\/uploads\/2026\/09\/2026-09-03-VANDEGHINSTE-3.mp3\"><\/audio><\/figure>\n\n\n\n<figure class=\"wp-block-image size-large\"><img loading=\"lazy\" decoding=\"async\" width=\"1024\" height=\"768\" src=\"https:\/\/hainaut.sudradio.net\/wp-content\/uploads\/2026\/09\/MA-4-1024x768.jpg\" alt=\"\" class=\"wp-image-39483\" srcset=\"https:\/\/hainaut.sudradio.net\/wp-content\/uploads\/2026\/09\/MA-4-1024x768.jpg 1024w, https:\/\/hainaut.sudradio.net\/wp-content\/uploads\/2026\/09\/MA-4-300x225.jpg 300w, https:\/\/hainaut.sudradio.net\/wp-content\/uploads\/2026\/09\/MA-4-768x576.jpg 768w, https:\/\/hainaut.sudradio.net\/wp-content\/uploads\/2026\/09\/MA-4-1536x1152.jpg 1536w, https:\/\/hainaut.sudradio.net\/wp-content\/uploads\/2026\/09\/MA-4.jpg 1600w\" sizes=\"auto, (max-width: 1024px) 100vw, 1024px\" \/><\/figure>\n\n\n\n<p>Retour sur son titre mondial. Si le talent est toujours bien l\u00e0, elle qui fut plusieurs fois championne d\u2019Europe chez les jeunes, elle ne le cache pas, le secret c\u2019est le travail <\/p>\n\n\n\n<figure class=\"wp-block-audio\"><audio controls src=\"https:\/\/hainaut.sudradio.net\/wp-content\/uploads\/2026\/09\/2026-09-03-VANDEGHINSTE-4.mp3\"><\/audio><\/figure>\n\n\n\n<p>Elle lui a confi\u00e9 qu\u2019elle ne s\u2019attendait pas \u00e0 d\u00e9crocher le titre mondial <\/p>\n\n\n\n<figure class=\"wp-block-audio\"><audio controls src=\"https:\/\/hainaut.sudradio.net\/wp-content\/uploads\/2026\/09\/2026-09-03-VANDEGHINSTE-5.mp3\"><\/audio><\/figure>\n\n\n\n<p>Apr\u00e8s son titre mondial inesp\u00e9r\u00e9 et incroyable, son titre europ\u00e9en fut encore plus dur <\/p>\n\n\n\n<figure class=\"wp-block-audio\"><audio controls src=\"https:\/\/hainaut.sudradio.net\/wp-content\/uploads\/2026\/09\/2026-09-03-VANDEGHINSTE-6.mp3\"><\/audio><\/figure>\n\n\n\n<figure class=\"wp-block-image size-large\"><img loading=\"lazy\" decoding=\"async\" width=\"1024\" height=\"768\" src=\"https:\/\/hainaut.sudradio.net\/wp-content\/uploads\/2026\/09\/MA-3-1024x768.jpg\" alt=\"\" class=\"wp-image-39484\" srcset=\"https:\/\/hainaut.sudradio.net\/wp-content\/uploads\/2026\/09\/MA-3-1024x768.jpg 1024w, https:\/\/hainaut.sudradio.net\/wp-content\/uploads\/2026\/09\/MA-3-300x225.jpg 300w, https:\/\/hainaut.sudradio.net\/wp-content\/uploads\/2026\/09\/MA-3-768x576.jpg 768w, https:\/\/hainaut.sudradio.net\/wp-content\/uploads\/2026\/09\/MA-3-1536x1152.jpg 1536w, https:\/\/hainaut.sudradio.net\/wp-content\/uploads\/2026\/09\/MA-3.jpg 1600w\" sizes=\"auto, (max-width: 1024px) 100vw, 1024px\" \/><\/figure>\n\n\n\n<p>Apr\u00e8s son titre mondial inesp\u00e9r\u00e9 et incroyable, son titre europ\u00e9en fut encore plus dur, m\u00eame si, au final, un seul homme, Cyril Richard, champion d\u2019Europe chez les messieurs, l\u2019a devanc\u00e9e<\/p>\n\n\n\n<figure class=\"wp-block-audio\"><audio controls src=\"https:\/\/hainaut.sudradio.net\/wp-content\/uploads\/2026\/09\/2026-09-03-VANDEGHINSTE-7.mp3\"><\/audio><\/figure>\n\n\n\n<p>Apr\u00e8s ces 2 exploits, elle a pris go\u00fbt \u00e0 la comp\u00e9tition, elle participera du 9 au 13 septembre aux championnats d\u2019Europe au Pays-Bas, en yole cette fois, un bateau plus grand que la cat\u00e9gorie Europe o\u00f9 elle a d\u00e9croch\u00e9 ses 2 titres<\/p>\n\n\n\n<figure class=\"wp-block-audio\"><audio controls src=\"https:\/\/hainaut.sudradio.net\/wp-content\/uploads\/2026\/09\/2026-09-03-VANDEGHINSTE-8.mp3\"><\/audio><\/figure>\n\n\n\n<p>Elle avait repris la comp\u00e9tition pour montrer l\u2019exemple \u00e0 ses 3 filles. Est-ce que \u00e7a a port\u00e9 ses fruits. Voici sa r\u00e9ponse<\/p>\n\n\n\n<figure class=\"wp-block-audio\"><audio controls src=\"https:\/\/hainaut.sudradio.net\/wp-content\/uploads\/2026\/09\/2026-09-03-VANDEGHINSTE-9.mp3\"><\/audio><\/figure>\n\n\n\n<figure class=\"wp-block-image size-large\"><img loading=\"lazy\" decoding=\"async\" width=\"768\" height=\"1024\" src=\"https:\/\/hainaut.sudradio.net\/wp-content\/uploads\/2026\/09\/MA-1-768x1024.jpg\" alt=\"\" class=\"wp-image-39482\" srcset=\"https:\/\/hainaut.sudradio.net\/wp-content\/uploads\/2026\/09\/MA-1-768x1024.jpg 768w, https:\/\/hainaut.sudradio.net\/wp-content\/uploads\/2026\/09\/MA-1-225x300.jpg 225w, https:\/\/hainaut.sudradio.net\/wp-content\/uploads\/2026\/09\/MA-1-1152x1536.jpg 1152w, https:\/\/hainaut.sudradio.net\/wp-content\/uploads\/2026\/09\/MA-1.jpg 1200w\" sizes=\"auto, (max-width: 768px) 100vw, 768px\" \/><\/figure>\n","protected":false},"excerpt":{"rendered":"<p>Ce n\u2019est pas tous les jours qu\u2019on vous propose l\u2019interview d\u2019une championne du monde. La navigatrice Tournaisienne Marie-Amandine Vandeghinste a r\u00e9ussi un exploit retentissant cet \u00e9t\u00e9. Apr\u00e8s 20 ans sans comp\u00e9tition elle et devenue championne du monde en juillet en Pologne et championne d\u2019Europe en ao\u00fbt \u00e0 Biscarosse. Un exploit exceptionnel. \u00a0Ga\u00ebtan Lebailly l\u2019a rencontr\u00e9e. [&hellip;]<\/p>\n","protected":false},"author":12,"featured_media":39481,"comment_status":"open","ping_status":"open","sticky":false,"template":"","format":"standard","meta":{"footnotes":""},"categories":[6],"tags":[],"class_list":["post-39479","post","type-post","status-publish","format-standard","has-post-thumbnail","hentry","category-infos"],"_links":{"self":[{"href":"https:\/\/hainaut.sudradio.net\/index.php?rest_route=\/wp\/v2\/posts\/39479","targetHints":{"allow":["GET"]}}],"collection":[{"href":"https:\/\/hainaut.sudradio.net\/index.php?rest_route=\/wp\/v2\/posts"}],"about":[{"href":"https:\/\/hainaut.sudradio.net\/index.php?rest_route=\/wp\/v2\/types\/post"}],"author":[{"embeddable":true,"href":"https:\/\/hainaut.sudradio.net\/index.php?rest_route=\/wp\/v2\/users\/12"}],"replies":[{"embeddable":true,"href":"https:\/\/hainaut.sudradio.net\/index.php?rest_route=%2Fwp%2Fv2%2Fcomments&post=39479"}],"version-history":[{"count":6,"href":"https:\/\/hainaut.sudradio.net\/index.php?rest_route=\/wp\/v2\/posts\/39479\/revisions"}],"predecessor-version":[{"id":39498,"href":"https:\/\/hainaut.sudradio.net\/index.php?rest_route=\/wp\/v2\/posts\/39479\/revisions\/39498"}],"wp:featuredmedia":[{"embeddable":true,"href":"https:\/\/hainaut.sudradio.net\/index.php?rest_route=\/wp\/v2\/media\/39481"}],"wp:attachment":[{"href":"https:\/\/hainaut.sudradio.net\/index.php?rest_route=%2Fwp%2Fv2%2Fmedia&parent=39479"}],"wp:term":[{"taxonomy":"category","embeddable":true,"href":"https:\/\/hainaut.sudradio.net\/index.php?rest_route=%2Fwp%2Fv2%2Fcategories&post=39479"},{"taxonomy":"post_tag","embeddable":true,"href":"https:\/\/hainaut.sudradio.net\/index.php?rest_route=%2Fwp%2Fv2%2Ftags&post=39479"}],"curies":[{"name":"wp","href":"https:\/\/api.w.org\/{rel}","templated":true}]}}