{"id":39475,"date":"2026-09-02T12:08:36","date_gmt":"2026-09-02T12:08:36","guid":{"rendered":"https:\/\/hainaut.sudradio.net\/?p=39475"},"modified":"2026-09-02T12:08:36","modified_gmt":"2026-09-02T12:08:36","slug":"dour-hensies-chantier-sur-la-n552-des-le-9-septembre-voici-les-perturbations-prevues","status":"publish","type":"post","link":"https:\/\/hainaut.sudradio.net\/?p=39475","title":{"rendered":"Dour-Hensies : chantier sur la N552 d\u00e8s le 9 septembre, voici les perturbations pr\u00e9vues"},"content":{"rendered":"\n<p><strong>Un chantier de r\u00e9fection de la N552 d\u00e9butera le mercredi 9 septembre entre Dour et Hensies. Les travaux entra\u00eeneront plusieurs modifications de circulation jusqu\u2019au d\u00e9but du mois d\u2019octobre, avec notamment une limitation \u00e0 30 km\/h et la fermeture temporaire de certains acc\u00e8s.<\/strong><\/p>\n\n\n\n<p>La SOFICO annonce le lancement d\u2019un important chantier de r\u00e9fection des rev\u00eatements de la N552 \u00e0 Dour et Hensies. Les travaux d\u00e9buteront le 9 septembre et permettront \u00e9galement de revoir l\u2019am\u00e9nagement de la voirie sur une partie du trac\u00e9.<\/p>\n\n\n\n<h3 class=\"wp-block-heading\">Une bande dans chaque sens<\/h3>\n\n\n\n<p>Du 9 au 20 septembre, les voies en direction de Hensies seront trait\u00e9es. Entre les giratoires de la rue des Canadiens\/rue de la Grande Veine et de Pino, la circulation s\u2019effectuera sur une bande dans chaque sens, avec une vitesse maximale limit\u00e9e \u00e0 30 km\/h. Plusieurs acc\u00e8s \u00e0 la N552 c\u00f4t\u00e9 Boussu seront interdits et la bretelle reliant la N51 \u00e0 la N552 vers Hensies sera ferm\u00e9e. Des itin\u00e9raires de d\u00e9viation sont pr\u00e9vus.<\/p>\n\n\n\n<p>Une deuxi\u00e8me phase d\u00e9butera le 21 septembre et se poursuivra jusqu\u2019au 1er octobre, cette fois pour traiter les voies en direction de Dour. La circulation restera organis\u00e9e sur une bande dans chaque sens et limit\u00e9e \u00e0 30 km\/h. Certains acc\u00e8s c\u00f4t\u00e9 Qui\u00e9vrain ainsi que les connexions entre la N51 et la N552 vers Dour seront temporairement ferm\u00e9s.<\/p>\n\n\n\n<h3 class=\"wp-block-heading\">Le giratoire de la Taule ferm\u00e9 d\u00e9but octobre<\/h3>\n\n\n\n<p>Le dernier volet du chantier concernera le giratoire de la Taule. Du vendredi 2 octobre \u00e0 20 heures au dimanche 4 octobre \u00e0 6 heures, la circulation y sera organis\u00e9e en alternance \u00e0 l\u2019aide de feux de chantier.<\/p>\n\n\n\n<p>Le giratoire sera ensuite <strong>totalement ferm\u00e9 \u00e0 la circulation du dimanche 4 octobre \u00e0 6 heures jusqu\u2019au lundi 5 octobre, avant les heures de pointe du matin<\/strong>. Une d\u00e9viation sera organis\u00e9e via les N51 et N549.<\/p>\n\n\n\n<h3 class=\"wp-block-heading\">Un nouvel am\u00e9nagement \u00e0 l\u2019entr\u00e9e de Dour<\/h3>\n\n\n\n<p>Les travaux ne se limiteront pas au renouvellement du rev\u00eatement. Entre le rond-point de la Taule et l\u2019entr\u00e9e de Dour, la N552 passera en configuration 2&#215;1 bande. Des tourne-\u00e0-gauche et tourne-\u00e0-droite seront mat\u00e9rialis\u00e9s et davantage d\u2019espace sera r\u00e9serv\u00e9 aux modes actifs.<\/p>\n\n\n\n<p>Le chantier repr\u00e9sente un investissement d\u2019environ <strong>2,8 millions d\u2019euros hors TVA<\/strong>, financ\u00e9 par la SOFICO.<\/p>\n","protected":false},"excerpt":{"rendered":"<p>Un chantier de r\u00e9fection de la N552 d\u00e9butera le mercredi 9 septembre entre Dour et Hensies. Les travaux entra\u00eeneront plusieurs modifications de circulation jusqu\u2019au d\u00e9but du mois d\u2019octobre, avec notamment une limitation \u00e0 30 km\/h et la fermeture temporaire de certains acc\u00e8s. La SOFICO annonce le lancement d\u2019un important chantier de r\u00e9fection des rev\u00eatements de [&hellip;]<\/p>\n","protected":false},"author":16,"featured_media":39476,"comment_status":"open","ping_status":"open","sticky":false,"template":"","format":"standard","meta":{"footnotes":""},"categories":[6],"tags":[],"class_list":["post-39475","post","type-post","status-publish","format-standard","has-post-thumbnail","hentry","category-infos"],"_links":{"self":[{"href":"https:\/\/hainaut.sudradio.net\/index.php?rest_route=\/wp\/v2\/posts\/39475","targetHints":{"allow":["GET"]}}],"collection":[{"href":"https:\/\/hainaut.sudradio.net\/index.php?rest_route=\/wp\/v2\/posts"}],"about":[{"href":"https:\/\/hainaut.sudradio.net\/index.php?rest_route=\/wp\/v2\/types\/post"}],"author":[{"embeddable":true,"href":"https:\/\/hainaut.sudradio.net\/index.php?rest_route=\/wp\/v2\/users\/16"}],"replies":[{"embeddable":true,"href":"https:\/\/hainaut.sudradio.net\/index.php?rest_route=%2Fwp%2Fv2%2Fcomments&post=39475"}],"version-history":[{"count":1,"href":"https:\/\/hainaut.sudradio.net\/index.php?rest_route=\/wp\/v2\/posts\/39475\/revisions"}],"predecessor-version":[{"id":39477,"href":"https:\/\/hainaut.sudradio.net\/index.php?rest_route=\/wp\/v2\/posts\/39475\/revisions\/39477"}],"wp:featuredmedia":[{"embeddable":true,"href":"https:\/\/hainaut.sudradio.net\/index.php?rest_route=\/wp\/v2\/media\/39476"}],"wp:attachment":[{"href":"https:\/\/hainaut.sudradio.net\/index.php?rest_route=%2Fwp%2Fv2%2Fmedia&parent=39475"}],"wp:term":[{"taxonomy":"category","embeddable":true,"href":"https:\/\/hainaut.sudradio.net\/index.php?rest_route=%2Fwp%2Fv2%2Fcategories&post=39475"},{"taxonomy":"post_tag","embeddable":true,"href":"https:\/\/hainaut.sudradio.net\/index.php?rest_route=%2Fwp%2Fv2%2Ftags&post=39475"}],"curies":[{"name":"wp","href":"https:\/\/api.w.org\/{rel}","templated":true}]}}