{"id":39471,"date":"2026-09-01T12:16:11","date_gmt":"2026-09-01T12:16:11","guid":{"rendered":"https:\/\/hainaut.sudradio.net\/?p=39471"},"modified":"2026-09-01T12:16:11","modified_gmt":"2026-09-01T12:16:11","slug":"tournai-quatre-jours-de-folklore-et-de-festivites-pour-la-kermesse-2026","status":"publish","type":"post","link":"https:\/\/hainaut.sudradio.net\/?p=39471","title":{"rendered":"Tournai : quatre jours de folklore et de festivit\u00e9s pour la Kermesse 2026"},"content":{"rendered":"\n<p>Du vendredi 11 au lundi 14 septembre, Tournai vivra au rythme de sa traditionnelle Kermesse. G\u00e9ants, Grande Procession, cort\u00e8ges, spectacles, braderie, Journ\u00e9es du Patrimoine et f\u00eate foraine figurent notamment au programme de cette \u00e9dition 2026.<\/p>\n\n\n\n<p>Pendant quatre jours, le rouge et le blanc seront \u00e0 l\u2019honneur dans les rues de la cit\u00e9 des Cinq Clochers. La Ville de Tournai et plusieurs associations locales ont pr\u00e9par\u00e9 un programme m\u00ealant traditions, patrimoine, culture et animations commerciales.<\/p>\n\n\n\n<h2 class=\"wp-block-heading\">Les g\u00e9ants ouvrent les festivit\u00e9s vendredi<\/h2>\n\n\n\n<p>La Kermesse d\u00e9butera vendredi 11 septembre d\u00e8s 16h avec diff\u00e9rentes animations dans le centre-ville et le lancement des bonnes affaires chez les commer\u00e7ants.<\/p>\n\n\n\n<p>Le premier grand rendez-vous folklorique est fix\u00e9 \u00e0 18h30 avec le r\u00e9veil des g\u00e9ants. Reine Tournay, l\u2019Infant et leurs compagnons rejoindront la Grand-Place avant de d\u00e9ambuler dans les rues de la ville.<\/p>\n\n\n\n<p>La culture urbaine sera \u00e9galement pr\u00e9sente avec le Five Bells Festival, organis\u00e9 place Saint-Pierre de 16h \u00e0 1h du matin, avec des concerts, du hip-hop et des DJ sets.<\/p>\n\n\n\n<h2 class=\"wp-block-heading\">Plus de 120 artistes sur la Grand-Place<\/h2>\n\n\n\n<p>Samedi 12 septembre, les animations d\u00e9buteront d\u00e8s le matin avec notamment la Brocante des 5 Clochers et les Chiffonnades.<\/p>\n\n\n\n<p>Plusieurs rendez-vous folkloriques sont \u00e9galement annonc\u00e9s, dont la c\u00e9r\u00e9monie du Concile des Chevaliers de la Tour et, en soir\u00e9e, l&rsquo;office pontifical et la traditionnelle remise des cl\u00e9s de la Ville.<\/p>\n\n\n\n<p>\u00c0 20h30, la Grand-Place accueillera le spectacle \u00ab \u00c0 l\u2019ombre du Beffroi \u00bb. Plus de 120 artistes participeront \u00e0 cette repr\u00e9sentation m\u00ealant feu, musique, danse, chants, g\u00e9ants et dragon.<\/p>\n\n\n\n<h2 class=\"wp-block-heading\">La Grande Procession dimanche<\/h2>\n\n\n\n<p>Temps fort de la Kermesse, la Grande Procession prendra son d\u00e9part dimanche 13 septembre \u00e0 10h. Cette tradition tournaisienne, dont les origines remontent \u00e0 1092, est reconnue comme chef-d\u2019\u0153uvre du patrimoine oral et immat\u00e9riel de la F\u00e9d\u00e9ration Wallonie-Bruxelles.<\/p>\n\n\n\n<p>\u00c0 partir de 15h, les quatre Cort\u00e8ges parcourront \u00e0 leur tour les rues de la rive gauche. Chars fleuris, g\u00e9ants et groupes musicaux rejoindront ensuite la Grand-Place pour le traditionnel rondeau final.<\/p>\n\n\n\n<h2 class=\"wp-block-heading\">250 exposants pour la grande Braderie<\/h2>\n\n\n\n<p>La Kermesse s&rsquo;ach\u00e8vera lundi 14 septembre avec la traditionnelle Braderie de Tournai.<\/p>\n\n\n\n<p>D\u00e8s 9h, environ 250 exposants, commer\u00e7ants ambulants et enseignes locales investiront pr\u00e8s de 2,5 kilom\u00e8tres de rues dans le centre-ville.<\/p>\n\n\n\n<p>Cette \u00e9dition mettra \u00e9galement en avant un \u00ab pacte des commer\u00e7ants \u00bb, destin\u00e9 \u00e0 favoriser les collaborations entre les commerces du centre-ville et ceux des villages de l&rsquo;entit\u00e9.<\/p>\n\n\n\n<h2 class=\"wp-block-heading\">Patrimoine et f\u00eate foraine au programme<\/h2>\n\n\n\n<p>La Kermesse co\u00efncidera \u00e9galement avec les Journ\u00e9es du Patrimoine, organis\u00e9es les 12 et 13 septembre. Plusieurs activit\u00e9s et visites guid\u00e9es gratuites permettront notamment de d\u00e9couvrir des lieux habituellement ferm\u00e9s au public.<\/p>\n\n\n\n<p>Le Carr\u00e9 Janson ouvrira exceptionnellement ses portes pendant les quatre jours. Son rooftop sera notamment accessible au public, avec une vue panoramique sur Tournai et sa cath\u00e9drale.<\/p>\n\n\n\n<p>Enfin, la f\u00eate foraine s&rsquo;installera sur l&rsquo;Esplanade du Conseil de l&rsquo;Europe du 5 au 27 septembre. Une cinquantaine de m\u00e9tiers et attractions sont annonc\u00e9s.<\/p>\n","protected":false},"excerpt":{"rendered":"<p>Du vendredi 11 au lundi 14 septembre, Tournai vivra au rythme de sa traditionnelle Kermesse. G\u00e9ants, Grande Procession, cort\u00e8ges, spectacles, braderie, Journ\u00e9es du Patrimoine et f\u00eate foraine figurent notamment au programme de cette \u00e9dition 2026. Pendant quatre jours, le rouge et le blanc seront \u00e0 l\u2019honneur dans les rues de la cit\u00e9 des Cinq Clochers. [&hellip;]<\/p>\n","protected":false},"author":16,"featured_media":39472,"comment_status":"open","ping_status":"open","sticky":false,"template":"","format":"standard","meta":{"footnotes":""},"categories":[6],"tags":[],"class_list":["post-39471","post","type-post","status-publish","format-standard","has-post-thumbnail","hentry","category-infos"],"_links":{"self":[{"href":"https:\/\/hainaut.sudradio.net\/index.php?rest_route=\/wp\/v2\/posts\/39471","targetHints":{"allow":["GET"]}}],"collection":[{"href":"https:\/\/hainaut.sudradio.net\/index.php?rest_route=\/wp\/v2\/posts"}],"about":[{"href":"https:\/\/hainaut.sudradio.net\/index.php?rest_route=\/wp\/v2\/types\/post"}],"author":[{"embeddable":true,"href":"https:\/\/hainaut.sudradio.net\/index.php?rest_route=\/wp\/v2\/users\/16"}],"replies":[{"embeddable":true,"href":"https:\/\/hainaut.sudradio.net\/index.php?rest_route=%2Fwp%2Fv2%2Fcomments&post=39471"}],"version-history":[{"count":1,"href":"https:\/\/hainaut.sudradio.net\/index.php?rest_route=\/wp\/v2\/posts\/39471\/revisions"}],"predecessor-version":[{"id":39473,"href":"https:\/\/hainaut.sudradio.net\/index.php?rest_route=\/wp\/v2\/posts\/39471\/revisions\/39473"}],"wp:featuredmedia":[{"embeddable":true,"href":"https:\/\/hainaut.sudradio.net\/index.php?rest_route=\/wp\/v2\/media\/39472"}],"wp:attachment":[{"href":"https:\/\/hainaut.sudradio.net\/index.php?rest_route=%2Fwp%2Fv2%2Fmedia&parent=39471"}],"wp:term":[{"taxonomy":"category","embeddable":true,"href":"https:\/\/hainaut.sudradio.net\/index.php?rest_route=%2Fwp%2Fv2%2Fcategories&post=39471"},{"taxonomy":"post_tag","embeddable":true,"href":"https:\/\/hainaut.sudradio.net\/index.php?rest_route=%2Fwp%2Fv2%2Ftags&post=39471"}],"curies":[{"name":"wp","href":"https:\/\/api.w.org\/{rel}","templated":true}]}}