{"id":39469,"date":"2026-09-01T10:22:52","date_gmt":"2026-09-01T10:22:52","guid":{"rendered":"https:\/\/hainaut.sudradio.net\/?p=39469"},"modified":"2026-09-01T10:22:52","modified_gmt":"2026-09-01T10:22:52","slug":"fleurus-reclame-une-reponse-des-gouvernements-face-aux-difficultes-financieres-dhumani","status":"publish","type":"post","link":"https:\/\/hainaut.sudradio.net\/?p=39469","title":{"rendered":"Fleurus r\u00e9clame une r\u00e9ponse des gouvernements face aux difficult\u00e9s financi\u00e8res d\u2019Humani"},"content":{"rendered":"\n<p>La Ville de Fleurus rejoint les pouvoirs locaux qui s\u2019inqui\u00e8tent de la situation financi\u00e8re d\u2019Humani, l\u2019intercommunale hospitali\u00e8re du CHU Charleroi-Chimay. Lors de sa s\u00e9ance du 24 ao\u00fbt, le conseil communal a adopt\u00e9 une motion r\u00e9clamant des mesures aux autorit\u00e9s f\u00e9d\u00e9rales et wallonnes.<\/p>\n\n\n\n<p>Cette d\u00e9marche fait \u00e9cho \u00e0 une initiative port\u00e9e par la commune de Courcelles. L\u2019objectif affich\u00e9 est de trouver une r\u00e9ponse structurelle aux difficult\u00e9s rencontr\u00e9es par l\u2019intercommunale hospitali\u00e8re publique, tout en \u00e9vitant de reporter davantage la charge financi\u00e8re sur les communes.<\/p>\n\n\n\n<h2 class=\"wp-block-heading\">Le poids des cotisations de responsabilisation<\/h2>\n\n\n\n<p>La motion pointe notamment les cons\u00e9quences des cotisations de responsabilisation sur les finances des pouvoirs locaux et des intercommunales hospitali\u00e8res publiques.<\/p>\n\n\n\n<p>Fleurus demande ainsi au Gouvernement wallon d\u2019\u00e9tablir un \u00e9tat des lieux pr\u00e9cis de leur impact sur l\u2019ensemble des pouvoirs locaux. La Ville souhaite \u00e9galement que la R\u00e9gion interpelle officiellement le Gouvernement f\u00e9d\u00e9ral sur les cons\u00e9quences du m\u00e9canisme actuel.<\/p>\n\n\n\n<p>Autre demande : examiner la possibilit\u00e9 de mettre en place, en concertation avec le f\u00e9d\u00e9ral, un dispositif temporaire d\u2019accompagnement, de garantie ou d\u2019avance de tr\u00e9sorerie au b\u00e9n\u00e9fice d\u2019Humani. L\u2019objectif serait d\u2019\u00e9viter que les difficult\u00e9s financi\u00e8res puissent affecter la continuit\u00e9 des soins.<\/p>\n\n\n\n<h2 class=\"wp-block-heading\">\u00ab Les budgets communaux sont d\u00e9j\u00e0 sous pression \u00bb<\/h2>\n\n\n\n<p>Pour le bourgmestre de Fleurus, Lo\u00efc D\u2019Haeyer, les communes ne peuvent pas supporter seules les cons\u00e9quences de cette situation.<\/p>\n\n\n\n<p>Il estime que les budgets communaux, d\u00e9j\u00e0 confront\u00e9s \u00e0 d\u2019importantes contraintes, ne doivent pas servir \u00e0 compenser l\u2019absence de r\u00e9ponse structurelle \u00e0 l\u2019\u00e9chelon f\u00e9d\u00e9ral. La Ville insiste \u00e9galement sur la n\u00e9cessit\u00e9 de pr\u00e9server l\u2019h\u00f4pital public et l\u2019acc\u00e8s aux soins pour les habitants.<\/p>\n\n\n\n<p>La motion adopt\u00e9e par le conseil communal sera d\u00e9sormais transmise au Premier ministre, aux ministres f\u00e9d\u00e9raux et wallons concern\u00e9s par la Sant\u00e9, les Pensions et les Pouvoirs locaux, ainsi qu\u2019aux communes et organismes associ\u00e9s \u00e0 Humani.<\/p>\n","protected":false},"excerpt":{"rendered":"<p>La Ville de Fleurus rejoint les pouvoirs locaux qui s\u2019inqui\u00e8tent de la situation financi\u00e8re d\u2019Humani, l\u2019intercommunale hospitali\u00e8re du CHU Charleroi-Chimay. Lors de sa s\u00e9ance du 24 ao\u00fbt, le conseil communal a adopt\u00e9 une motion r\u00e9clamant des mesures aux autorit\u00e9s f\u00e9d\u00e9rales et wallonnes. Cette d\u00e9marche fait \u00e9cho \u00e0 une initiative port\u00e9e par la commune de Courcelles. [&hellip;]<\/p>\n","protected":false},"author":16,"featured_media":30284,"comment_status":"open","ping_status":"open","sticky":false,"template":"","format":"standard","meta":{"footnotes":""},"categories":[6],"tags":[],"class_list":["post-39469","post","type-post","status-publish","format-standard","has-post-thumbnail","hentry","category-infos"],"_links":{"self":[{"href":"https:\/\/hainaut.sudradio.net\/index.php?rest_route=\/wp\/v2\/posts\/39469","targetHints":{"allow":["GET"]}}],"collection":[{"href":"https:\/\/hainaut.sudradio.net\/index.php?rest_route=\/wp\/v2\/posts"}],"about":[{"href":"https:\/\/hainaut.sudradio.net\/index.php?rest_route=\/wp\/v2\/types\/post"}],"author":[{"embeddable":true,"href":"https:\/\/hainaut.sudradio.net\/index.php?rest_route=\/wp\/v2\/users\/16"}],"replies":[{"embeddable":true,"href":"https:\/\/hainaut.sudradio.net\/index.php?rest_route=%2Fwp%2Fv2%2Fcomments&post=39469"}],"version-history":[{"count":1,"href":"https:\/\/hainaut.sudradio.net\/index.php?rest_route=\/wp\/v2\/posts\/39469\/revisions"}],"predecessor-version":[{"id":39470,"href":"https:\/\/hainaut.sudradio.net\/index.php?rest_route=\/wp\/v2\/posts\/39469\/revisions\/39470"}],"wp:featuredmedia":[{"embeddable":true,"href":"https:\/\/hainaut.sudradio.net\/index.php?rest_route=\/wp\/v2\/media\/30284"}],"wp:attachment":[{"href":"https:\/\/hainaut.sudradio.net\/index.php?rest_route=%2Fwp%2Fv2%2Fmedia&parent=39469"}],"wp:term":[{"taxonomy":"category","embeddable":true,"href":"https:\/\/hainaut.sudradio.net\/index.php?rest_route=%2Fwp%2Fv2%2Fcategories&post=39469"},{"taxonomy":"post_tag","embeddable":true,"href":"https:\/\/hainaut.sudradio.net\/index.php?rest_route=%2Fwp%2Fv2%2Ftags&post=39469"}],"curies":[{"name":"wp","href":"https:\/\/api.w.org\/{rel}","templated":true}]}}