{"id":39462,"date":"2026-08-31T12:42:11","date_gmt":"2026-08-31T12:42:11","guid":{"rendered":"https:\/\/hainaut.sudradio.net\/?p=39462"},"modified":"2026-08-31T12:42:11","modified_gmt":"2026-08-31T12:42:11","slug":"des-navettes-gratuites-pour-rejoindre-les-solidarites-a-namur","status":"publish","type":"post","link":"https:\/\/hainaut.sudradio.net\/?p=39462","title":{"rendered":"Des navettes gratuites pour rejoindre Les Solidarit\u00e9s \u00e0 Namur"},"content":{"rendered":"\n<p><strong>LETEC met en place un dispositif sp\u00e9cial \u00e0 l\u2019occasion du festival Les Solidarit\u00e9s, organis\u00e9 les 4, 5 et 6 septembre sur le site Ecolys, \u00e0 Suarl\u00e9e. Des navettes gratuites relieront le festival \u00e0 la gare de Namur et \u00e0 l\u2019a\u00e9rodrome de Temploux.<\/strong><\/p>\n\n\n\n<p>Les festivaliers pourront laisser leur voiture de c\u00f4t\u00e9 pour rejoindre Les Solidarit\u00e9s. Pendant les trois jours du festival, LETEC proposera deux circuits de navettes gratuites \u00e0 destination du site Ecolys.<\/p>\n\n\n\n<p>Le premier reliera la gare de Namur au festival. \u00c0 l\u2019aller, les voyageurs pourront embarquer place de la Station, au quai B, mais \u00e9galement aux arr\u00eats Saint-Servais Polyclinique et Saint-Servais Cimeti\u00e8re de Namur.<\/p>\n\n\n\n<p>Pour le retour, les bus partiront d\u2019un arr\u00eat provisoire install\u00e9 rue des Entrepreneurs, \u00e0 Suarl\u00e9e, et desserviront les m\u00eames secteurs jusqu\u2019\u00e0 la gare.<\/p>\n\n\n\n<h3 class=\"wp-block-heading\">Des navettes depuis Temploux<\/h3>\n\n\n\n<p>Un deuxi\u00e8me circuit sera propos\u00e9 depuis l\u2019a\u00e9rodrome de Temploux. L\u2019embarquement s\u2019effectuera \u00e0 un arr\u00eat provisoire situ\u00e9 rue Capitaine Aviateur. Pour le trajet retour, le d\u00e9part se fera depuis la rue du Fond Mar\u00e9chal \u00e0 Suarl\u00e9e.<\/p>\n\n\n\n<p>Les fr\u00e9quences \u00e9volueront au fil de la journ\u00e9e. Selon les p\u00e9riodes, les navettes circuleront toutes les 30, 15 ou 7 minutes. Le service sera particuli\u00e8rement renforc\u00e9 en soir\u00e9e afin de permettre le retour des festivaliers apr\u00e8s les concerts.<\/p>\n\n\n\n<p>Vendredi, les navettes fonctionneront jusqu\u2019\u00e0 2 heures du matin. M\u00eame horaire de fin samedi, tandis que le dispositif prendra fin \u00e0 23h30 dimanche.<\/p>\n\n\n\n<p>Attention toutefois : seuls les arr\u00eats annonc\u00e9s seront desservis et aucun arr\u00eat interm\u00e9diaire suppl\u00e9mentaire ne sera effectu\u00e9. Au retour, les festivaliers sont \u00e9galement invit\u00e9s \u00e0 v\u00e9rifier la destination de leur bus afin de rejoindre le bon point de d\u00e9part.<\/p>\n","protected":false},"excerpt":{"rendered":"<p>LETEC met en place un dispositif sp\u00e9cial \u00e0 l\u2019occasion du festival Les Solidarit\u00e9s, organis\u00e9 les 4, 5 et 6 septembre sur le site Ecolys, \u00e0 Suarl\u00e9e. Des navettes gratuites relieront le festival \u00e0 la gare de Namur et \u00e0 l\u2019a\u00e9rodrome de Temploux. Les festivaliers pourront laisser leur voiture de c\u00f4t\u00e9 pour rejoindre Les Solidarit\u00e9s. Pendant [&hellip;]<\/p>\n","protected":false},"author":16,"featured_media":39463,"comment_status":"open","ping_status":"open","sticky":false,"template":"","format":"standard","meta":{"footnotes":""},"categories":[6],"tags":[],"class_list":["post-39462","post","type-post","status-publish","format-standard","has-post-thumbnail","hentry","category-infos"],"_links":{"self":[{"href":"https:\/\/hainaut.sudradio.net\/index.php?rest_route=\/wp\/v2\/posts\/39462","targetHints":{"allow":["GET"]}}],"collection":[{"href":"https:\/\/hainaut.sudradio.net\/index.php?rest_route=\/wp\/v2\/posts"}],"about":[{"href":"https:\/\/hainaut.sudradio.net\/index.php?rest_route=\/wp\/v2\/types\/post"}],"author":[{"embeddable":true,"href":"https:\/\/hainaut.sudradio.net\/index.php?rest_route=\/wp\/v2\/users\/16"}],"replies":[{"embeddable":true,"href":"https:\/\/hainaut.sudradio.net\/index.php?rest_route=%2Fwp%2Fv2%2Fcomments&post=39462"}],"version-history":[{"count":1,"href":"https:\/\/hainaut.sudradio.net\/index.php?rest_route=\/wp\/v2\/posts\/39462\/revisions"}],"predecessor-version":[{"id":39464,"href":"https:\/\/hainaut.sudradio.net\/index.php?rest_route=\/wp\/v2\/posts\/39462\/revisions\/39464"}],"wp:featuredmedia":[{"embeddable":true,"href":"https:\/\/hainaut.sudradio.net\/index.php?rest_route=\/wp\/v2\/media\/39463"}],"wp:attachment":[{"href":"https:\/\/hainaut.sudradio.net\/index.php?rest_route=%2Fwp%2Fv2%2Fmedia&parent=39462"}],"wp:term":[{"taxonomy":"category","embeddable":true,"href":"https:\/\/hainaut.sudradio.net\/index.php?rest_route=%2Fwp%2Fv2%2Fcategories&post=39462"},{"taxonomy":"post_tag","embeddable":true,"href":"https:\/\/hainaut.sudradio.net\/index.php?rest_route=%2Fwp%2Fv2%2Ftags&post=39462"}],"curies":[{"name":"wp","href":"https:\/\/api.w.org\/{rel}","templated":true}]}}