{"id":39459,"date":"2026-08-31T12:36:01","date_gmt":"2026-08-31T12:36:01","guid":{"rendered":"https:\/\/hainaut.sudradio.net\/?p=39459"},"modified":"2026-08-31T12:36:01","modified_gmt":"2026-08-31T12:36:01","slug":"pairi-daiza-restaure-lescalier-monumental-de-lancienne-abbaye-de-cambron","status":"publish","type":"post","link":"https:\/\/hainaut.sudradio.net\/?p=39459","title":{"rendered":"Pairi Daiza restaure l\u2019escalier monumental de l\u2019ancienne abbaye de Cambron"},"content":{"rendered":"\n<p><strong>Un t\u00e9moin majeur du patrimoine de l\u2019ancienne abbaye de Cambron vient d\u2019\u00eatre restaur\u00e9. Pairi Daiza a achev\u00e9 les travaux de l\u2019escalier monumental construit en 1776, avec l\u2019objectif de renforcer sa stabilit\u00e9 tout en conservant ses mat\u00e9riaux et son aspect d\u2019origine.<\/strong><\/p>\n\n\n\n<p>Pr\u00e8s de 250 ans apr\u00e8s sa construction, l\u2019escalier monumental de l\u2019ancienne abbaye de Cambron a b\u00e9n\u00e9fici\u00e9 d\u2019une importante restauration. Situ\u00e9 au c\u0153ur du site de Pairi Daiza, cet ouvrage class\u00e9 enjambe la Dendre et constitue l\u2019un des vestiges les plus visibles de l\u2019histoire des lieux.<\/p>\n\n\n\n<p>Construit en 1776, l\u2019escalier se distingue notamment par ses trois vol\u00e9es et ses imposantes balustrades en pierre. Il t\u00e9moigne de la p\u00e9riode de prosp\u00e9rit\u00e9 connue par l\u2019abbaye de Cambron \u00e0 la fin du XVIIIe si\u00e8cle.<\/p>\n\n\n\n<h3 class=\"wp-block-heading\">Pr\u00e8s de deux mois de restauration<\/h3>\n\n\n\n<p>Le passage de tr\u00e8s nombreux visiteurs, mais aussi les effets du temps, de l\u2019eau et de la v\u00e9g\u00e9tation avaient rendu une intervention n\u00e9cessaire.<\/p>\n\n\n\n<p>Pendant pr\u00e8s de deux mois, quatre artisans sp\u00e9cialis\u00e9s de la r\u00e9gion du Centre ont travaill\u00e9 aux c\u00f4t\u00e9s des \u00e9quipes de Pairi Daiza et d\u2019un ing\u00e9nieur en stabilit\u00e9.<\/p>\n\n\n\n<p>Une partie des pierres bleues, des marches et des balustrades a \u00e9t\u00e9 d\u00e9mont\u00e9e avant d\u2019\u00eatre restaur\u00e9e en atelier puis remont\u00e9e sur place. Selon Pairi Daiza, aucun remplacement de mati\u00e8re n\u2019a \u00e9t\u00e9 n\u00e9cessaire.<\/p>\n\n\n\n<p>Les murs en briques ont \u00e9galement \u00e9t\u00e9 remis en \u00e9tat, les joints restaur\u00e9s et la structure renforc\u00e9e. Certaines fissures ont notamment \u00e9t\u00e9 combl\u00e9es \u00e0 l\u2019aide de poussi\u00e8re de pierre bleue afin de pr\u00e9server au maximum les mat\u00e9riaux existants.<\/p>\n\n\n\n<h3 class=\"wp-block-heading\">Pr\u00e9server l\u2019aspect historique<\/h3>\n\n\n\n<p>L\u2019objectif du chantier \u00e9tait de r\u00e9pondre aux exigences actuelles de stabilit\u00e9 et de s\u00e9curit\u00e9 sans modifier la physionomie de l\u2019escalier.<\/p>\n\n\n\n<p>Une attention particuli\u00e8re a donc \u00e9t\u00e9 accord\u00e9e aux techniques utilis\u00e9es ainsi qu\u2019\u00e0 la conservation des pierres et autres mat\u00e9riaux d\u2019origine.<\/p>\n\n\n\n<p>Bien que l\u2019escalier soit class\u00e9, Pairi Daiza indique avoir financ\u00e9 l\u2019int\u00e9gralit\u00e9 des travaux de restauration.<\/p>\n\n\n\n<p>Le chantier s\u2019inscrit plus largement dans l\u2019entretien du patrimoine historique de l\u2019ancien domaine de l\u2019abbaye de Cambron, aujourd\u2019hui int\u00e9gr\u00e9 au parc animalier.<\/p>\n","protected":false},"excerpt":{"rendered":"<p>Un t\u00e9moin majeur du patrimoine de l\u2019ancienne abbaye de Cambron vient d\u2019\u00eatre restaur\u00e9. Pairi Daiza a achev\u00e9 les travaux de l\u2019escalier monumental construit en 1776, avec l\u2019objectif de renforcer sa stabilit\u00e9 tout en conservant ses mat\u00e9riaux et son aspect d\u2019origine. Pr\u00e8s de 250 ans apr\u00e8s sa construction, l\u2019escalier monumental de l\u2019ancienne abbaye de Cambron a [&hellip;]<\/p>\n","protected":false},"author":16,"featured_media":39460,"comment_status":"open","ping_status":"open","sticky":false,"template":"","format":"standard","meta":{"footnotes":""},"categories":[6],"tags":[],"class_list":["post-39459","post","type-post","status-publish","format-standard","has-post-thumbnail","hentry","category-infos"],"_links":{"self":[{"href":"https:\/\/hainaut.sudradio.net\/index.php?rest_route=\/wp\/v2\/posts\/39459","targetHints":{"allow":["GET"]}}],"collection":[{"href":"https:\/\/hainaut.sudradio.net\/index.php?rest_route=\/wp\/v2\/posts"}],"about":[{"href":"https:\/\/hainaut.sudradio.net\/index.php?rest_route=\/wp\/v2\/types\/post"}],"author":[{"embeddable":true,"href":"https:\/\/hainaut.sudradio.net\/index.php?rest_route=\/wp\/v2\/users\/16"}],"replies":[{"embeddable":true,"href":"https:\/\/hainaut.sudradio.net\/index.php?rest_route=%2Fwp%2Fv2%2Fcomments&post=39459"}],"version-history":[{"count":1,"href":"https:\/\/hainaut.sudradio.net\/index.php?rest_route=\/wp\/v2\/posts\/39459\/revisions"}],"predecessor-version":[{"id":39461,"href":"https:\/\/hainaut.sudradio.net\/index.php?rest_route=\/wp\/v2\/posts\/39459\/revisions\/39461"}],"wp:featuredmedia":[{"embeddable":true,"href":"https:\/\/hainaut.sudradio.net\/index.php?rest_route=\/wp\/v2\/media\/39460"}],"wp:attachment":[{"href":"https:\/\/hainaut.sudradio.net\/index.php?rest_route=%2Fwp%2Fv2%2Fmedia&parent=39459"}],"wp:term":[{"taxonomy":"category","embeddable":true,"href":"https:\/\/hainaut.sudradio.net\/index.php?rest_route=%2Fwp%2Fv2%2Fcategories&post=39459"},{"taxonomy":"post_tag","embeddable":true,"href":"https:\/\/hainaut.sudradio.net\/index.php?rest_route=%2Fwp%2Fv2%2Ftags&post=39459"}],"curies":[{"name":"wp","href":"https:\/\/api.w.org\/{rel}","templated":true}]}}