{"id":39456,"date":"2026-08-31T10:24:22","date_gmt":"2026-08-31T10:24:22","guid":{"rendered":"https:\/\/hainaut.sudradio.net\/?p=39456"},"modified":"2026-08-31T10:24:22","modified_gmt":"2026-08-31T10:24:22","slug":"un-bebe-gorille-espece-en-danger-critique-dextinction-est-ne-au-zoo-danvers","status":"publish","type":"post","link":"https:\/\/hainaut.sudradio.net\/?p=39456","title":{"rendered":"Un b\u00e9b\u00e9 gorille, esp\u00e8ce en danger critique d\u2019extinction, est n\u00e9 au Zoo d\u2019Anvers"},"content":{"rendered":"\n<p>Carnet rose au Zoo d\u2019Anvers. La femelle gorille Mayani a donn\u00e9 naissance t\u00f4t ce lundi matin \u00e0 un petit en bonne sant\u00e9. Cette naissance repr\u00e9sente une bonne nouvelle pour le programme europ\u00e9en de conservation du gorille des plaines de l\u2019Ouest, une esp\u00e8ce en danger critique d\u2019extinction.<\/p>\n\n\n\n<p>La naissance \u00e9tait attendue depuis huit mois et demi par les soigneurs du Zoo d\u2019Anvers. Les images enregistr\u00e9es durant la nuit montrent que le petit gorille est n\u00e9 aux alentours de 5 heures du matin, au milieu de son groupe.<\/p>\n\n\n\n<p>La mise bas s\u2019est d\u00e9roul\u00e9e sans difficult\u00e9. Le nouveau-n\u00e9 a d\u00e9j\u00e0 \u00e9t\u00e9 observ\u00e9 en train de t\u00e9ter et reste pour l\u2019instant fermement accroch\u00e9 au ventre de sa m\u00e8re. Les soigneurs ne savent pas encore s\u2019il s\u2019agit d\u2019un m\u00e2le ou d\u2019une femelle.<\/p>\n\n\n\n<p>Les visiteurs peuvent d\u00e9j\u00e0 tenter de l\u2019apercevoir dans la Vall\u00e9e des Grands Singes.<\/p>\n\n\n\n<h2 class=\"wp-block-heading\">Le premier petit du m\u00e2le Ayo<\/h2>\n\n\n\n<p>Mayani n\u2019en est pas \u00e0 sa premi\u00e8re exp\u00e9rience puisqu\u2019il s\u2019agit de son deuxi\u00e8me b\u00e9b\u00e9 n\u00e9 au Zoo d\u2019Anvers. Pour le dos argent\u00e9 Ayo, en revanche, c\u2019est une premi\u00e8re.<\/p>\n\n\n\n<p>La naissance marque donc le d\u00e9but de sa descendance dans le cadre du Programme europ\u00e9en d\u2019\u00e9levage pour les esp\u00e8ces menac\u00e9es. Celui-ci vise notamment \u00e0 maintenir une population g\u00e9n\u00e9tiquement diversifi\u00e9e de gorilles dans les parcs zoologiques europ\u00e9ens.<\/p>\n\n\n\n<p>Les gorilles des plaines de l\u2019Ouest sont class\u00e9s en danger critique d\u2019extinction. Dans leur milieu naturel, en Afrique centrale, ils sont notamment menac\u00e9s par la d\u00e9forestation, le braconnage, l\u2019exploitation mini\u00e8re, la fragmentation de leur habitat et certaines maladies, dont Ebola.<\/p>\n\n\n\n<p>Le Zoo d\u2019Anvers souligne \u00e9galement son implication dans des programmes de recherche et de conservation en Afrique centrale par l\u2019interm\u00e9diaire de la Royal Antwerp ZOO Foundation.<\/p>\n\n\n\n<h2 class=\"wp-block-heading\">Un pr\u00e9nom commen\u00e7ant par B<\/h2>\n\n\n\n<p>Reste maintenant \u00e0 trouver un nom au nouveau venu. En 2026, les animaux n\u00e9s au Zoo d\u2019Anvers re\u00e7oivent un pr\u00e9nom commen\u00e7ant par la lettre B.<\/p>\n\n\n\n<p>Le public est invit\u00e9 \u00e0 proposer des pr\u00e9noms, notamment d\u2019inspiration africaine, jusqu\u2019au 13 septembre sur les r\u00e9seaux sociaux du zoo. Les soigneurs s\u00e9lectionneront ensuite trois propositions.<\/p>\n\n\n\n<p>Du 14 au 30 septembre, les visiteurs pourront voter pour leur pr\u00e9nom pr\u00e9f\u00e9r\u00e9. Le mois de septembre sera d\u2019ailleurs consacr\u00e9 aux gorilles, avec diff\u00e9rentes animations organis\u00e9es au Zoo d\u2019Anvers pour sensibiliser le public \u00e0 cette esp\u00e8ce menac\u00e9e.<\/p>\n","protected":false},"excerpt":{"rendered":"<p>Carnet rose au Zoo d\u2019Anvers. La femelle gorille Mayani a donn\u00e9 naissance t\u00f4t ce lundi matin \u00e0 un petit en bonne sant\u00e9. Cette naissance repr\u00e9sente une bonne nouvelle pour le programme europ\u00e9en de conservation du gorille des plaines de l\u2019Ouest, une esp\u00e8ce en danger critique d\u2019extinction. La naissance \u00e9tait attendue depuis huit mois et demi [&hellip;]<\/p>\n","protected":false},"author":16,"featured_media":39457,"comment_status":"open","ping_status":"open","sticky":false,"template":"","format":"standard","meta":{"footnotes":""},"categories":[6],"tags":[],"class_list":["post-39456","post","type-post","status-publish","format-standard","has-post-thumbnail","hentry","category-infos"],"_links":{"self":[{"href":"https:\/\/hainaut.sudradio.net\/index.php?rest_route=\/wp\/v2\/posts\/39456","targetHints":{"allow":["GET"]}}],"collection":[{"href":"https:\/\/hainaut.sudradio.net\/index.php?rest_route=\/wp\/v2\/posts"}],"about":[{"href":"https:\/\/hainaut.sudradio.net\/index.php?rest_route=\/wp\/v2\/types\/post"}],"author":[{"embeddable":true,"href":"https:\/\/hainaut.sudradio.net\/index.php?rest_route=\/wp\/v2\/users\/16"}],"replies":[{"embeddable":true,"href":"https:\/\/hainaut.sudradio.net\/index.php?rest_route=%2Fwp%2Fv2%2Fcomments&post=39456"}],"version-history":[{"count":1,"href":"https:\/\/hainaut.sudradio.net\/index.php?rest_route=\/wp\/v2\/posts\/39456\/revisions"}],"predecessor-version":[{"id":39458,"href":"https:\/\/hainaut.sudradio.net\/index.php?rest_route=\/wp\/v2\/posts\/39456\/revisions\/39458"}],"wp:featuredmedia":[{"embeddable":true,"href":"https:\/\/hainaut.sudradio.net\/index.php?rest_route=\/wp\/v2\/media\/39457"}],"wp:attachment":[{"href":"https:\/\/hainaut.sudradio.net\/index.php?rest_route=%2Fwp%2Fv2%2Fmedia&parent=39456"}],"wp:term":[{"taxonomy":"category","embeddable":true,"href":"https:\/\/hainaut.sudradio.net\/index.php?rest_route=%2Fwp%2Fv2%2Fcategories&post=39456"},{"taxonomy":"post_tag","embeddable":true,"href":"https:\/\/hainaut.sudradio.net\/index.php?rest_route=%2Fwp%2Fv2%2Ftags&post=39456"}],"curies":[{"name":"wp","href":"https:\/\/api.w.org\/{rel}","templated":true}]}}