{"id":37749,"date":"2026-04-30T13:26:06","date_gmt":"2026-04-30T13:26:06","guid":{"rendered":"https:\/\/hainaut.sudradio.net\/?p=37749"},"modified":"2026-04-30T13:26:06","modified_gmt":"2026-04-30T13:26:06","slug":"tournai-un-chantier-de-725-millions-deuros-pour-securiser-la-n7-entre-gaurain-ramecroix-et-barry","status":"publish","type":"post","link":"https:\/\/hainaut.sudradio.net\/?p=37749","title":{"rendered":"Tournai : un chantier de 7,25 millions d\u2019euros pour s\u00e9curiser la N7 entre Gaurain-Ramecroix et Barry"},"content":{"rendered":"\n<h3 class=\"wp-block-heading\"><strong>Un chantier majeur lanc\u00e9 sur la N7 \u00e0 Tournai<\/strong><\/h3>\n\n\n\n<p>\u00c0 Tournai, un important chantier de r\u00e9habilitation et de s\u00e9curisation de la N7 d\u00e9butera en ce mois de mai 2026. Les travaux concernent un tron\u00e7on de 5 kilom\u00e8tres entre Gaurain-Ramecroix et Barry, un axe cl\u00e9 pour la mobilit\u00e9 r\u00e9gionale.<\/p>\n\n\n\n<p>Port\u00e9 par SOFICO, en collaboration avec le SPW Mobilit\u00e9 et Infrastructures, ce projet repr\u00e9sente un investissement d\u2019environ 7,25 millions d\u2019euros.<\/p>\n\n\n\n<h3 class=\"wp-block-heading\"><strong>S\u00e9curit\u00e9, mobilit\u00e9 et modes doux au c\u0153ur du projet<\/strong><\/h3>\n\n\n\n<p>Les am\u00e9nagements pr\u00e9vus sont ambitieux. La voirie sera enti\u00e8rement r\u00e9nov\u00e9e, avec un nouveau rev\u00eatement et une r\u00e9organisation des bandes de circulation : deux voies seront maintenues, une dans chaque sens, avec une zone de d\u00e9passement hors agglom\u00e9ration.<\/p>\n\n\n\n<p>Le chantier pr\u00e9voit \u00e9galement la r\u00e9novation du pont surplombant la N52, ainsi que l\u2019\u00e9largissement et la s\u00e9curisation des pistes cyclables, parfois s\u00e9par\u00e9es de la chauss\u00e9e par une bande enherb\u00e9e. Le stationnement sera lui aussi r\u00e9organis\u00e9.<\/p>\n\n\n\n<h3 class=\"wp-block-heading\"><strong>Circulation adapt\u00e9e et d\u00e9viations pr\u00e9vues<\/strong><\/h3>\n\n\n\n<p>Les travaux seront r\u00e9alis\u00e9s en plusieurs phases afin de limiter les perturbations. D\u00e8s le 11 mai 2026, la circulation sera maintenue sur une seule bande par sens au niveau du pont, avec une vitesse limit\u00e9e \u00e0 50 km\/h.<\/p>\n\n\n\n<p>\u00c0 partir du 18 mai, certaines portions passeront en sens unique, avec des d\u00e9viations mises en place, notamment pour les automobilistes circulant de Tournai vers Leuze-en-Hainaut. Les commerces resteront n\u00e9anmoins accessibles durant toute la dur\u00e9e du chantier.<\/p>\n\n\n\n<h3 class=\"wp-block-heading\"><strong>Un chantier \u00e9tal\u00e9 jusqu\u2019en 2027<\/strong><\/h3>\n\n\n\n<p>Les premi\u00e8res phases s\u2019\u00e9tendront jusqu\u2019\u00e0 la fin de l\u2019ann\u00e9e 2026. D\u2019autres interventions sont d\u00e9j\u00e0 pr\u00e9vues en 2027 pour finaliser l\u2019ensemble du tron\u00e7on.<\/p>\n\n\n\n<p>Avec ce projet, les autorit\u00e9s entendent am\u00e9liorer durablement la s\u00e9curit\u00e9 routi\u00e8re, fluidifier le trafic et encourager les modes de d\u00e9placement alternatifs sur cet axe structurant.<\/p>\n\n\n\n<figure class=\"wp-block-image size-full\"><img loading=\"lazy\" decoding=\"async\" width=\"602\" height=\"378\" src=\"https:\/\/hainaut.sudradio.net\/wp-content\/uploads\/2026\/04\/TRAVAUX-TOURNAI-2.jpg\" alt=\"\" class=\"wp-image-37751\" srcset=\"https:\/\/hainaut.sudradio.net\/wp-content\/uploads\/2026\/04\/TRAVAUX-TOURNAI-2.jpg 602w, https:\/\/hainaut.sudradio.net\/wp-content\/uploads\/2026\/04\/TRAVAUX-TOURNAI-2-300x188.jpg 300w\" sizes=\"auto, (max-width: 602px) 100vw, 602px\" \/><\/figure>\n\n\n\n<figure class=\"wp-block-image size-full\"><img loading=\"lazy\" decoding=\"async\" width=\"605\" height=\"350\" src=\"https:\/\/hainaut.sudradio.net\/wp-content\/uploads\/2026\/04\/TRAVAUX-TOURNAI-3.jpg\" alt=\"\" class=\"wp-image-37752\" srcset=\"https:\/\/hainaut.sudradio.net\/wp-content\/uploads\/2026\/04\/TRAVAUX-TOURNAI-3.jpg 605w, https:\/\/hainaut.sudradio.net\/wp-content\/uploads\/2026\/04\/TRAVAUX-TOURNAI-3-300x174.jpg 300w\" sizes=\"auto, (max-width: 605px) 100vw, 605px\" \/><\/figure>\n","protected":false},"excerpt":{"rendered":"<p>Un chantier majeur lanc\u00e9 sur la N7 \u00e0 Tournai \u00c0 Tournai, un important chantier de r\u00e9habilitation et de s\u00e9curisation de la N7 d\u00e9butera en ce mois de mai 2026. Les travaux concernent un tron\u00e7on de 5 kilom\u00e8tres entre Gaurain-Ramecroix et Barry, un axe cl\u00e9 pour la mobilit\u00e9 r\u00e9gionale. Port\u00e9 par SOFICO, en collaboration avec le [&hellip;]<\/p>\n","protected":false},"author":16,"featured_media":37750,"comment_status":"open","ping_status":"open","sticky":false,"template":"","format":"standard","meta":{"footnotes":""},"categories":[6],"tags":[],"class_list":["post-37749","post","type-post","status-publish","format-standard","has-post-thumbnail","hentry","category-infos"],"_links":{"self":[{"href":"https:\/\/hainaut.sudradio.net\/index.php?rest_route=\/wp\/v2\/posts\/37749","targetHints":{"allow":["GET"]}}],"collection":[{"href":"https:\/\/hainaut.sudradio.net\/index.php?rest_route=\/wp\/v2\/posts"}],"about":[{"href":"https:\/\/hainaut.sudradio.net\/index.php?rest_route=\/wp\/v2\/types\/post"}],"author":[{"embeddable":true,"href":"https:\/\/hainaut.sudradio.net\/index.php?rest_route=\/wp\/v2\/users\/16"}],"replies":[{"embeddable":true,"href":"https:\/\/hainaut.sudradio.net\/index.php?rest_route=%2Fwp%2Fv2%2Fcomments&post=37749"}],"version-history":[{"count":1,"href":"https:\/\/hainaut.sudradio.net\/index.php?rest_route=\/wp\/v2\/posts\/37749\/revisions"}],"predecessor-version":[{"id":37753,"href":"https:\/\/hainaut.sudradio.net\/index.php?rest_route=\/wp\/v2\/posts\/37749\/revisions\/37753"}],"wp:featuredmedia":[{"embeddable":true,"href":"https:\/\/hainaut.sudradio.net\/index.php?rest_route=\/wp\/v2\/media\/37750"}],"wp:attachment":[{"href":"https:\/\/hainaut.sudradio.net\/index.php?rest_route=%2Fwp%2Fv2%2Fmedia&parent=37749"}],"wp:term":[{"taxonomy":"category","embeddable":true,"href":"https:\/\/hainaut.sudradio.net\/index.php?rest_route=%2Fwp%2Fv2%2Fcategories&post=37749"},{"taxonomy":"post_tag","embeddable":true,"href":"https:\/\/hainaut.sudradio.net\/index.php?rest_route=%2Fwp%2Fv2%2Ftags&post=37749"}],"curies":[{"name":"wp","href":"https:\/\/api.w.org\/{rel}","templated":true}]}}