{"id":37744,"date":"2026-04-30T12:25:59","date_gmt":"2026-04-30T12:25:59","guid":{"rendered":"https:\/\/hainaut.sudradio.net\/?p=37744"},"modified":"2026-04-30T12:27:53","modified_gmt":"2026-04-30T12:27:53","slug":"soutenons-nos-producteurs-de-pommes-de-terre","status":"publish","type":"post","link":"https:\/\/hainaut.sudradio.net\/?p=37744","title":{"rendered":"Soutenons nos producteurs de pommes de terre"},"content":{"rendered":"\n<p>En ce d\u00e9but de printemps, les hangars des agriculteurs abritent une tr\u00e8s grande quantit\u00e9 de pommes de terre r\u00e9colt\u00e9es en automne 2025 tandis que les producteurs se pr\u00e9parent pour le lancement de la prochaine saison. Face \u00e0 cette actualit\u00e9, l&rsquo;Apaq-W s&rsquo;associe au Coll\u00e8ge des Producteurs pour soutenir les agriculteurs en difficult\u00e9 depuis plusieurs mois et inviter les consommateurs \u00e0 \u00eatre particuli\u00e8rement attentifs \u00e0 l&rsquo;origine des produits qu&rsquo;ils ach\u00e8tent.<\/p>\n\n\n\n<p>Depuis le d\u00e9but de mois de mars, et ce jusqu&rsquo;\u00e0 l&rsquo;\u00e9t\u00e9, des dons aux Banques Alimentaires, soit \u00e0 <strong>plus de 700 associations<\/strong>, sont effectu\u00e9s chaque semaine pour <strong>soutenir\u00a018 producteurs belges<\/strong>. L&rsquo;Apaq-W invite aussi les consommateurs \u00e0 <strong>adopter le r\u00e9flexe LOCAL<\/strong> en se renseignant aupr\u00e8s des producteurs de pommes de terre pr\u00e8s de chez eux qui lancent des initiatives propres ou en se renseignant pr\u00e9cis\u00e9ment sur l&rsquo;origine des pommes de terre qu\u2019ils ach\u00e8tent dans des points de vente en circuit-court<strong>\u00a0<\/strong>r\u00e9pertori\u00e9s sur le site<a href=\"http:\/\/r.mailing.apaqw.be\/mk\/cl\/f\/sh\/1t6Af4OiGsE8LPMvbnyAWj5zY6EaXq\/vNS6TUJEdMhy\" target=\"_blank\" rel=\"noreferrer noopener\">\u00a0<strong>#Jecuisinelocal<\/strong><\/a> ou dans les magasins de proximit\u00e9 et autres points de vente qui leur sont habituels. Pour en savoir plus sur les pommes de terre locales et sur les producteurs et leurs pratiques, vous pouvez consulter divers sites : le site <a href=\"http:\/\/r.mailing.apaqw.be\/mk\/cl\/f\/sh\/1t6Af4OiGsEag7ZM0A45gz9ovvDKFu\/XIhsW3DxcSgM\" target=\"_blank\" rel=\"noreferrer noopener\"><strong>T&rsquo;as la patate<\/strong>\u00a0<\/a>et<strong>\u00a0<\/strong><a href=\"http:\/\/r.mailing.apaqw.be\/mk\/cl\/f\/sh\/1t6Af4OiGsF30plmOWA0rFDeJkC3xy\/timoCXd7OIyO\" target=\"_blank\" rel=\"noreferrer noopener\"><strong>La Semaine de la Frite<\/strong><\/a>.\u00a0<\/p>\n\n\n\n<figure class=\"wp-block-table\"><table class=\"has-fixed-layout\"><tbody><tr><td><\/td><\/tr><\/tbody><\/table><\/figure>\n\n\n\n<p><\/p>\n","protected":false},"excerpt":{"rendered":"<p>En ce d\u00e9but de printemps, les hangars des agriculteurs abritent une tr\u00e8s grande quantit\u00e9 de pommes de terre r\u00e9colt\u00e9es en automne 2025 tandis que les producteurs se pr\u00e9parent pour le lancement de la prochaine saison. Face \u00e0 cette actualit\u00e9, l&rsquo;Apaq-W s&rsquo;associe au Coll\u00e8ge des Producteurs pour soutenir les agriculteurs en difficult\u00e9 depuis plusieurs mois et [&hellip;]<\/p>\n","protected":false},"author":4,"featured_media":37745,"comment_status":"open","ping_status":"open","sticky":false,"template":"","format":"standard","meta":{"footnotes":""},"categories":[6],"tags":[],"class_list":["post-37744","post","type-post","status-publish","format-standard","has-post-thumbnail","hentry","category-infos"],"_links":{"self":[{"href":"https:\/\/hainaut.sudradio.net\/index.php?rest_route=\/wp\/v2\/posts\/37744","targetHints":{"allow":["GET"]}}],"collection":[{"href":"https:\/\/hainaut.sudradio.net\/index.php?rest_route=\/wp\/v2\/posts"}],"about":[{"href":"https:\/\/hainaut.sudradio.net\/index.php?rest_route=\/wp\/v2\/types\/post"}],"author":[{"embeddable":true,"href":"https:\/\/hainaut.sudradio.net\/index.php?rest_route=\/wp\/v2\/users\/4"}],"replies":[{"embeddable":true,"href":"https:\/\/hainaut.sudradio.net\/index.php?rest_route=%2Fwp%2Fv2%2Fcomments&post=37744"}],"version-history":[{"count":3,"href":"https:\/\/hainaut.sudradio.net\/index.php?rest_route=\/wp\/v2\/posts\/37744\/revisions"}],"predecessor-version":[{"id":37748,"href":"https:\/\/hainaut.sudradio.net\/index.php?rest_route=\/wp\/v2\/posts\/37744\/revisions\/37748"}],"wp:featuredmedia":[{"embeddable":true,"href":"https:\/\/hainaut.sudradio.net\/index.php?rest_route=\/wp\/v2\/media\/37745"}],"wp:attachment":[{"href":"https:\/\/hainaut.sudradio.net\/index.php?rest_route=%2Fwp%2Fv2%2Fmedia&parent=37744"}],"wp:term":[{"taxonomy":"category","embeddable":true,"href":"https:\/\/hainaut.sudradio.net\/index.php?rest_route=%2Fwp%2Fv2%2Fcategories&post=37744"},{"taxonomy":"post_tag","embeddable":true,"href":"https:\/\/hainaut.sudradio.net\/index.php?rest_route=%2Fwp%2Fv2%2Ftags&post=37744"}],"curies":[{"name":"wp","href":"https:\/\/api.w.org\/{rel}","templated":true}]}}