{"id":37741,"date":"2026-04-30T10:51:50","date_gmt":"2026-04-30T10:51:50","guid":{"rendered":"https:\/\/hainaut.sudradio.net\/?p=37741"},"modified":"2026-04-30T10:51:50","modified_gmt":"2026-04-30T10:51:50","slug":"deux-nouveaux-giratoires-a-ghlin-et-dour-hensies-pour-booster-lacces-aux-parcs-economiques-du-coeur-du-hainaut","status":"publish","type":"post","link":"https:\/\/hainaut.sudradio.net\/?p=37741","title":{"rendered":"Deux nouveaux giratoires \u00e0 Ghlin et Dour-Hensies pour booster l\u2019acc\u00e8s aux parcs \u00e9conomiques du C\u0153ur du Hainaut"},"content":{"rendered":"\n<h3 class=\"wp-block-heading\"><strong>Deux nouveaux am\u00e9nagements pour am\u00e9liorer la mobilit\u00e9 et l\u2019attractivit\u00e9 \u00e9conomique<\/strong><\/h3>\n\n\n\n<p>Le territoire du C\u0153ur du Hainaut franchit une nouvelle \u00e9tape dans son d\u00e9veloppement \u00e9conomique. IDEA annonce la mise en service de deux nouveaux giratoires strat\u00e9giques, situ\u00e9s \u00e0 Ghlin et \u00e0 Dour-Hensies. Ces infrastructures visent \u00e0 am\u00e9liorer l\u2019accessibilit\u00e9 des parcs d\u2019activit\u00e9s \u00e9conomiques tout en renfor\u00e7ant la s\u00e9curit\u00e9 des usagers.<\/p>\n\n\n\n<h3 class=\"wp-block-heading\"><strong>Des infrastructures au service de la s\u00e9curit\u00e9 et de la fluidit\u00e9<\/strong><\/h3>\n\n\n\n<p>Le premier giratoire, op\u00e9rationnel depuis le 17 avril 2026 \u00e0 Ghlin, s\u2019inscrit dans le d\u00e9veloppement de la zone Pic &amp; Plat, une extension du parc d\u2019activit\u00e9s \u00e9conomiques de Ghlin-Baudour Sud. Cet am\u00e9nagement permet de s\u00e9curiser un axe identifi\u00e9 comme accidentog\u00e8ne et de mieux organiser les flux de circulation.<\/p>\n\n\n\n<p>Le second giratoire, accessible depuis le 24 avril, se situe \u00e0 la Porte des Hauts-Pays, \u00e0 cheval sur les communes de Dour et Hensies. Il constitue un acc\u00e8s structurant vers ce nouveau parc d\u2019activit\u00e9s et anticipe les flux li\u00e9s \u00e0 son futur d\u00e9veloppement.<\/p>\n\n\n\n<p>Ces projets ont \u00e9t\u00e9 r\u00e9alis\u00e9s en collaboration avec le Service public de Wallonie et plusieurs entreprises partenaires, dont Wanty, TRBA et Aertssen Infra.<\/p>\n\n\n\n<h3 class=\"wp-block-heading\"><strong>Un levier pour le d\u00e9veloppement \u00e9conomique et l\u2019emploi<\/strong><\/h3>\n\n\n\n<p>Au-del\u00e0 de l\u2019am\u00e9lioration de la mobilit\u00e9, ces infrastructures jouent un r\u00f4le cl\u00e9 dans l\u2019attractivit\u00e9 du territoire. Comme le souligne Nicolas Martin, investir dans l\u2019accessibilit\u00e9 des parcs d\u2019activit\u00e9s permet de lever des freins \u00e0 l\u2019implantation d\u2019entreprises et de soutenir la cr\u00e9ation d\u2019emplois locaux.<\/p>\n\n\n\n<p>La zone Pic &amp; Plat, qui s\u2019\u00e9tend sur environ 61 hectares, est destin\u00e9e \u00e0 accueillir des activit\u00e9s logistiques et industrielles sur de grandes parcelles. Les travaux, entam\u00e9s en mars 2025, devraient se poursuivre jusqu\u2019\u00e0 l\u2019automne 2027 et permettre la cr\u00e9ation de plusieurs centaines d\u2019emplois.<\/p>\n\n\n\n<p>De son c\u00f4t\u00e9, la Porte des Hauts-Pays couvre pr\u00e8s de 85 hectares et propose une offre diversifi\u00e9e, adapt\u00e9e tant aux grandes entreprises qu\u2019aux PME et aux activit\u00e9s artisanales. \u00c0 terme, ce projet pourrait g\u00e9n\u00e9rer plus de 1.000 emplois.<\/p>\n\n\n\n<h3 class=\"wp-block-heading\"><strong>Une dynamique territoriale renforc\u00e9e<\/strong><\/h3>\n\n\n\n<p>Pour Caroline Decamps, ces nouveaux am\u00e9nagements marquent une \u00e9tape importante dans le d\u00e9veloppement des parcs d\u2019activit\u00e9s \u00e9conomiques du C\u0153ur du Hainaut. Ils contribuent \u00e0 am\u00e9liorer leur accessibilit\u00e9 et \u00e0 renforcer leur attractivit\u00e9 aupr\u00e8s des investisseurs.<\/p>\n\n\n\n<p>Avec ces projets, IDEA confirme sa volont\u00e9 de soutenir le d\u00e9veloppement \u00e9conomique local, tout en int\u00e9grant des enjeux de mobilit\u00e9 et d\u2019am\u00e9nagement durable.<\/p>\n","protected":false},"excerpt":{"rendered":"<p>Deux nouveaux am\u00e9nagements pour am\u00e9liorer la mobilit\u00e9 et l\u2019attractivit\u00e9 \u00e9conomique Le territoire du C\u0153ur du Hainaut franchit une nouvelle \u00e9tape dans son d\u00e9veloppement \u00e9conomique. IDEA annonce la mise en service de deux nouveaux giratoires strat\u00e9giques, situ\u00e9s \u00e0 Ghlin et \u00e0 Dour-Hensies. Ces infrastructures visent \u00e0 am\u00e9liorer l\u2019accessibilit\u00e9 des parcs d\u2019activit\u00e9s \u00e9conomiques tout en renfor\u00e7ant la [&hellip;]<\/p>\n","protected":false},"author":16,"featured_media":37742,"comment_status":"open","ping_status":"open","sticky":false,"template":"","format":"standard","meta":{"footnotes":""},"categories":[6],"tags":[],"class_list":["post-37741","post","type-post","status-publish","format-standard","has-post-thumbnail","hentry","category-infos"],"_links":{"self":[{"href":"https:\/\/hainaut.sudradio.net\/index.php?rest_route=\/wp\/v2\/posts\/37741","targetHints":{"allow":["GET"]}}],"collection":[{"href":"https:\/\/hainaut.sudradio.net\/index.php?rest_route=\/wp\/v2\/posts"}],"about":[{"href":"https:\/\/hainaut.sudradio.net\/index.php?rest_route=\/wp\/v2\/types\/post"}],"author":[{"embeddable":true,"href":"https:\/\/hainaut.sudradio.net\/index.php?rest_route=\/wp\/v2\/users\/16"}],"replies":[{"embeddable":true,"href":"https:\/\/hainaut.sudradio.net\/index.php?rest_route=%2Fwp%2Fv2%2Fcomments&post=37741"}],"version-history":[{"count":1,"href":"https:\/\/hainaut.sudradio.net\/index.php?rest_route=\/wp\/v2\/posts\/37741\/revisions"}],"predecessor-version":[{"id":37743,"href":"https:\/\/hainaut.sudradio.net\/index.php?rest_route=\/wp\/v2\/posts\/37741\/revisions\/37743"}],"wp:featuredmedia":[{"embeddable":true,"href":"https:\/\/hainaut.sudradio.net\/index.php?rest_route=\/wp\/v2\/media\/37742"}],"wp:attachment":[{"href":"https:\/\/hainaut.sudradio.net\/index.php?rest_route=%2Fwp%2Fv2%2Fmedia&parent=37741"}],"wp:term":[{"taxonomy":"category","embeddable":true,"href":"https:\/\/hainaut.sudradio.net\/index.php?rest_route=%2Fwp%2Fv2%2Fcategories&post=37741"},{"taxonomy":"post_tag","embeddable":true,"href":"https:\/\/hainaut.sudradio.net\/index.php?rest_route=%2Fwp%2Fv2%2Ftags&post=37741"}],"curies":[{"name":"wp","href":"https:\/\/api.w.org\/{rel}","templated":true}]}}