{"id":37734,"date":"2026-04-29T15:37:15","date_gmt":"2026-04-29T15:37:15","guid":{"rendered":"https:\/\/hainaut.sudradio.net\/?p=37734"},"modified":"2026-04-29T15:37:15","modified_gmt":"2026-04-29T15:37:15","slug":"ath-le-312-comedy-club-revient-et-une-nouvelle-humoriste-ose-se-lancer-sur-scene","status":"publish","type":"post","link":"https:\/\/hainaut.sudradio.net\/?p=37734","title":{"rendered":"Ath : Le 312 Comedy Club revient\u2026 et une nouvelle humoriste ose se lancer sur sc\u00e8ne"},"content":{"rendered":"\n<p>Apr\u00e8s une premi\u00e8re soir\u00e9e r\u00e9ussie, le 312 Comedy Club \u00e0 Ligne remet le couvert avec une nouvelle date qui s\u2019annonce d\u00e9j\u00e0 tr\u00e8s prometteuse. Parmi les artistes attendus, une surprise :\u00a0<strong>Fiona De Paoli,<\/strong>\u00a0<\/p>\n\n\n\n<p>Journaliste locale pass\u00e9e notamment par\u00a0RTL, elle fera ses premiers pas en stand-up.<br>Entre exp\u00e9riences professionnelles \u201ccompliqu\u00e9es\u201d et autod\u00e9rision assum\u00e9e, elle a choisi une solution radicale : monter sur sc\u00e8ne. \u00ab Le stand-up co\u00fbte moins cher qu\u2019une th\u00e9rapie \u00bb, r\u00e9sume-t-elle avec humour.<\/p>\n\n\n\n<h2 class=\"wp-block-heading\">Des t\u00eates d\u2019affiche et des profils d\u00e9cal\u00e9s<\/h2>\n\n\n\n<p>La soir\u00e9e accueillera \u00e9galement\u00a0<strong>James Deano<\/strong>,figure incontournable de l\u2019humour belge.<br>Reconnu pour son \u00e9nergie d\u00e9bordante, son sens de la punchline et sa capacit\u00e9 \u00e0 embarquer le public,<\/p>\n\n\n\n<p>\u00c0 ses c\u00f4t\u00e9s, <strong>Olive<\/strong>, personnage au parcours pour le moins atypique.<\/p>\n\n\n\n<p>Ancien militaire fran\u00e7ais, recal\u00e9 \u00e0 six reprises au concours d\u2019assistante maternelle officiellement pour une intol\u00e9rance au lactose, il assume aujourd\u2019hui une philosophie bien \u00e0 lui : <em>\u00ab Ce n\u2019est pas \u00e0 moi de m\u2019adapter \u00e0 la soci\u00e9t\u00e9. \u00bb<\/em> Une position qui, selon lui, ne fait pas encore l\u2019unanimit\u00e9\u2026<\/p>\n\n\n\n<p>Pour d\u00e9couvrir tout cela, rdv <strong>le 23 mai \u00e0 20H au 312 Comedy Club<\/strong> &#8211; <strong>312 chauss\u00e9e de Tournai &#8211; 7812 Ligne (ATH)<\/strong>. R\u00e9servations\u00a0: 312comedyclub@gmail.com. <\/p>\n","protected":false},"excerpt":{"rendered":"<p>Apr\u00e8s une premi\u00e8re soir\u00e9e r\u00e9ussie, le 312 Comedy Club \u00e0 Ligne remet le couvert avec une nouvelle date qui s\u2019annonce d\u00e9j\u00e0 tr\u00e8s prometteuse. Parmi les artistes attendus, une surprise :\u00a0Fiona De Paoli,\u00a0 Journaliste locale pass\u00e9e notamment par\u00a0RTL, elle fera ses premiers pas en stand-up.Entre exp\u00e9riences professionnelles \u201ccompliqu\u00e9es\u201d et autod\u00e9rision assum\u00e9e, elle a choisi une solution [&hellip;]<\/p>\n","protected":false},"author":4,"featured_media":37735,"comment_status":"open","ping_status":"open","sticky":false,"template":"","format":"standard","meta":{"footnotes":""},"categories":[6],"tags":[],"class_list":["post-37734","post","type-post","status-publish","format-standard","has-post-thumbnail","hentry","category-infos"],"_links":{"self":[{"href":"https:\/\/hainaut.sudradio.net\/index.php?rest_route=\/wp\/v2\/posts\/37734","targetHints":{"allow":["GET"]}}],"collection":[{"href":"https:\/\/hainaut.sudradio.net\/index.php?rest_route=\/wp\/v2\/posts"}],"about":[{"href":"https:\/\/hainaut.sudradio.net\/index.php?rest_route=\/wp\/v2\/types\/post"}],"author":[{"embeddable":true,"href":"https:\/\/hainaut.sudradio.net\/index.php?rest_route=\/wp\/v2\/users\/4"}],"replies":[{"embeddable":true,"href":"https:\/\/hainaut.sudradio.net\/index.php?rest_route=%2Fwp%2Fv2%2Fcomments&post=37734"}],"version-history":[{"count":1,"href":"https:\/\/hainaut.sudradio.net\/index.php?rest_route=\/wp\/v2\/posts\/37734\/revisions"}],"predecessor-version":[{"id":37736,"href":"https:\/\/hainaut.sudradio.net\/index.php?rest_route=\/wp\/v2\/posts\/37734\/revisions\/37736"}],"wp:featuredmedia":[{"embeddable":true,"href":"https:\/\/hainaut.sudradio.net\/index.php?rest_route=\/wp\/v2\/media\/37735"}],"wp:attachment":[{"href":"https:\/\/hainaut.sudradio.net\/index.php?rest_route=%2Fwp%2Fv2%2Fmedia&parent=37734"}],"wp:term":[{"taxonomy":"category","embeddable":true,"href":"https:\/\/hainaut.sudradio.net\/index.php?rest_route=%2Fwp%2Fv2%2Fcategories&post=37734"},{"taxonomy":"post_tag","embeddable":true,"href":"https:\/\/hainaut.sudradio.net\/index.php?rest_route=%2Fwp%2Fv2%2Ftags&post=37734"}],"curies":[{"name":"wp","href":"https:\/\/api.w.org\/{rel}","templated":true}]}}