{"id":37724,"date":"2026-04-29T10:23:53","date_gmt":"2026-04-29T10:23:53","guid":{"rendered":"https:\/\/hainaut.sudradio.net\/?p=37724"},"modified":"2026-04-29T10:23:53","modified_gmt":"2026-04-29T10:23:53","slug":"wallonie-40-des-plantes-indigenes-menacees-selon-la-premiere-liste-rouge-officielle","status":"publish","type":"post","link":"https:\/\/hainaut.sudradio.net\/?p=37724","title":{"rendered":"Wallonie : 40 % des plantes indig\u00e8nes menac\u00e9es selon la premi\u00e8re Liste rouge officielle"},"content":{"rendered":"\n<p>En Wallonie, les plantes ont d\u00e9sormais leur propre \u201cbulletin de sant\u00e9\u201d\u2026 et le constat est pr\u00e9occupant. La r\u00e9gion a publi\u00e9 sa toute premi\u00e8re Liste rouge officielle des plantes indig\u00e8nes, un outil scientifique in\u00e9dit pour \u00e9valuer l\u2019\u00e9tat de sa biodiversit\u00e9 v\u00e9g\u00e9tale.<\/p>\n\n\n\n<p>Au total, 1 284 esp\u00e8ces et sous-esp\u00e8ces ont \u00e9t\u00e9 analys\u00e9es. R\u00e9sultat : plus de 40 % sont consid\u00e9r\u00e9es comme menac\u00e9es. Dans le d\u00e9tail, 95 esp\u00e8ces ont d\u00e9j\u00e0 disparu au niveau r\u00e9gional, tandis que plusieurs centaines sont class\u00e9es en danger critique, en danger ou vuln\u00e9rables.<\/p>\n\n\n\n<p>Cette photographie repose sur un vaste travail men\u00e9 par le Service public de Wallonie, en collaboration avec Universit\u00e9 de Li\u00e8ge et Gembloux Agro-Bio Tech, bas\u00e9 sur plus de 4,5 millions de donn\u00e9es collect\u00e9es sur le terrain.<\/p>\n\n\n\n<p>Si une l\u00e9g\u00e8re am\u00e9lioration est observ\u00e9e par rapport \u00e0 2006, avec certaines esp\u00e8ces retrouv\u00e9es, la situation reste jug\u00e9e fragile. Cette Liste rouge devient d\u00e9sormais une r\u00e9f\u00e9rence cl\u00e9 pour orienter les politiques de protection de la nature et tenter de pr\u00e9server ce qui peut encore l\u2019\u00eatre.<\/p>\n","protected":false},"excerpt":{"rendered":"<p>En Wallonie, les plantes ont d\u00e9sormais leur propre \u201cbulletin de sant\u00e9\u201d\u2026 et le constat est pr\u00e9occupant. La r\u00e9gion a publi\u00e9 sa toute premi\u00e8re Liste rouge officielle des plantes indig\u00e8nes, un outil scientifique in\u00e9dit pour \u00e9valuer l\u2019\u00e9tat de sa biodiversit\u00e9 v\u00e9g\u00e9tale. Au total, 1 284 esp\u00e8ces et sous-esp\u00e8ces ont \u00e9t\u00e9 analys\u00e9es. R\u00e9sultat : plus de 40 [&hellip;]<\/p>\n","protected":false},"author":16,"featured_media":37725,"comment_status":"open","ping_status":"open","sticky":false,"template":"","format":"standard","meta":{"footnotes":""},"categories":[6],"tags":[],"class_list":["post-37724","post","type-post","status-publish","format-standard","has-post-thumbnail","hentry","category-infos"],"_links":{"self":[{"href":"https:\/\/hainaut.sudradio.net\/index.php?rest_route=\/wp\/v2\/posts\/37724","targetHints":{"allow":["GET"]}}],"collection":[{"href":"https:\/\/hainaut.sudradio.net\/index.php?rest_route=\/wp\/v2\/posts"}],"about":[{"href":"https:\/\/hainaut.sudradio.net\/index.php?rest_route=\/wp\/v2\/types\/post"}],"author":[{"embeddable":true,"href":"https:\/\/hainaut.sudradio.net\/index.php?rest_route=\/wp\/v2\/users\/16"}],"replies":[{"embeddable":true,"href":"https:\/\/hainaut.sudradio.net\/index.php?rest_route=%2Fwp%2Fv2%2Fcomments&post=37724"}],"version-history":[{"count":1,"href":"https:\/\/hainaut.sudradio.net\/index.php?rest_route=\/wp\/v2\/posts\/37724\/revisions"}],"predecessor-version":[{"id":37726,"href":"https:\/\/hainaut.sudradio.net\/index.php?rest_route=\/wp\/v2\/posts\/37724\/revisions\/37726"}],"wp:featuredmedia":[{"embeddable":true,"href":"https:\/\/hainaut.sudradio.net\/index.php?rest_route=\/wp\/v2\/media\/37725"}],"wp:attachment":[{"href":"https:\/\/hainaut.sudradio.net\/index.php?rest_route=%2Fwp%2Fv2%2Fmedia&parent=37724"}],"wp:term":[{"taxonomy":"category","embeddable":true,"href":"https:\/\/hainaut.sudradio.net\/index.php?rest_route=%2Fwp%2Fv2%2Fcategories&post=37724"},{"taxonomy":"post_tag","embeddable":true,"href":"https:\/\/hainaut.sudradio.net\/index.php?rest_route=%2Fwp%2Fv2%2Ftags&post=37724"}],"curies":[{"name":"wp","href":"https:\/\/api.w.org\/{rel}","templated":true}]}}