{"id":37721,"date":"2026-04-28T15:24:12","date_gmt":"2026-04-28T15:24:12","guid":{"rendered":"https:\/\/hainaut.sudradio.net\/?p=37721"},"modified":"2026-04-28T15:24:12","modified_gmt":"2026-04-28T15:24:12","slug":"carrieres-du-hainaut-un-protocole-daccord-trouve-malgre-29-licenciements-annonces","status":"publish","type":"post","link":"https:\/\/hainaut.sudradio.net\/?p=37721","title":{"rendered":"Carri\u00e8res du Hainaut : un protocole d\u2019accord trouv\u00e9 malgr\u00e9 29 licenciements annonc\u00e9s"},"content":{"rendered":"\n<h3 class=\"wp-block-heading\">Un compromis trouv\u00e9 apr\u00e8s des n\u00e9gociations tendues<\/h3>\n\n\n\n<p>Un accord a \u00e9t\u00e9 trouv\u00e9 entre la direction des Carri\u00e8res du Hainaut et les syndicats, apr\u00e8s plusieurs jours de discussions difficiles. Ce protocole d\u2019accord sera pr\u00e9sent\u00e9 aux travailleurs lundi, qui devront se prononcer sur son adoption.<\/p>\n\n\n\n<p>Malgr\u00e9 ce compromis, la suppression de 29 emplois est confirm\u00e9e. Les syndicats n\u2019ont pas r\u00e9ussi \u00e0 faire diminuer ce chiffre, mais ont obtenu des conditions de d\u00e9part jug\u00e9es comparables \u00e0 celles n\u00e9goci\u00e9es lors de la restructuration de 2024.<\/p>\n\n\n\n<h3 class=\"wp-block-heading\">Des discussions longtemps bloqu\u00e9es<\/h3>\n\n\n\n<p>Vendredi encore, les positions semblaient irr\u00e9conciliables. Les discussions achoppaient notamment sur les aspects financiers et sur l\u2019ampleur du plan social. \u00ab Nous \u00e9tions tr\u00e8s loin d\u2019un accord \u00bb, a reconnu Stefano Fragapane, secr\u00e9taire de la Centrale g\u00e9n\u00e9rale FGTB.<\/p>\n\n\n\n<p>Au fil des r\u00e9unions, le dialogue social a toutefois permis de rapprocher les points de vue, sans infl\u00e9chir la d\u00e9cision de la direction concernant les licenciements.<\/p>\n\n\n\n<h3 class=\"wp-block-heading\">Un contexte \u00e9conomique difficile<\/h3>\n\n\n\n<p>Bas\u00e9e \u00e0 Soignies, l\u2019entreprise emploie actuellement 311 personnes. La direction justifie cette restructuration par une baisse d\u2019activit\u00e9 et une hausse des co\u00fbts \u00e9nerg\u00e9tiques, qui p\u00e8sent sur la rentabilit\u00e9.<\/p>\n\n\n\n<p>Dans ce contexte, les discussions se sont concentr\u00e9es sur l\u2019accompagnement des travailleurs concern\u00e9s, avec des mesures visant \u00e0 att\u00e9nuer l\u2019impact social des d\u00e9parts.<\/p>\n\n\n\n<h3 class=\"wp-block-heading\">Les travailleurs appel\u00e9s \u00e0 se prononcer<\/h3>\n\n\n\n<p>La prochaine \u00e9tape sera d\u00e9cisive : les travailleurs devront voter sur ce protocole d\u2019accord en d\u00e9but de semaine prochaine.<\/p>\n\n\n\n<p>Ce vote d\u00e9terminera si le compromis trouv\u00e9 permettra de cl\u00f4turer ce dossier social sensible\u2026 ou si de nouvelles n\u00e9gociations devront \u00eatre envisag\u00e9es.<\/p>\n","protected":false},"excerpt":{"rendered":"<p>Un compromis trouv\u00e9 apr\u00e8s des n\u00e9gociations tendues Un accord a \u00e9t\u00e9 trouv\u00e9 entre la direction des Carri\u00e8res du Hainaut et les syndicats, apr\u00e8s plusieurs jours de discussions difficiles. Ce protocole d\u2019accord sera pr\u00e9sent\u00e9 aux travailleurs lundi, qui devront se prononcer sur son adoption. Malgr\u00e9 ce compromis, la suppression de 29 emplois est confirm\u00e9e. Les syndicats [&hellip;]<\/p>\n","protected":false},"author":16,"featured_media":37722,"comment_status":"open","ping_status":"open","sticky":false,"template":"","format":"standard","meta":{"footnotes":""},"categories":[6],"tags":[],"class_list":["post-37721","post","type-post","status-publish","format-standard","has-post-thumbnail","hentry","category-infos"],"_links":{"self":[{"href":"https:\/\/hainaut.sudradio.net\/index.php?rest_route=\/wp\/v2\/posts\/37721","targetHints":{"allow":["GET"]}}],"collection":[{"href":"https:\/\/hainaut.sudradio.net\/index.php?rest_route=\/wp\/v2\/posts"}],"about":[{"href":"https:\/\/hainaut.sudradio.net\/index.php?rest_route=\/wp\/v2\/types\/post"}],"author":[{"embeddable":true,"href":"https:\/\/hainaut.sudradio.net\/index.php?rest_route=\/wp\/v2\/users\/16"}],"replies":[{"embeddable":true,"href":"https:\/\/hainaut.sudradio.net\/index.php?rest_route=%2Fwp%2Fv2%2Fcomments&post=37721"}],"version-history":[{"count":1,"href":"https:\/\/hainaut.sudradio.net\/index.php?rest_route=\/wp\/v2\/posts\/37721\/revisions"}],"predecessor-version":[{"id":37723,"href":"https:\/\/hainaut.sudradio.net\/index.php?rest_route=\/wp\/v2\/posts\/37721\/revisions\/37723"}],"wp:featuredmedia":[{"embeddable":true,"href":"https:\/\/hainaut.sudradio.net\/index.php?rest_route=\/wp\/v2\/media\/37722"}],"wp:attachment":[{"href":"https:\/\/hainaut.sudradio.net\/index.php?rest_route=%2Fwp%2Fv2%2Fmedia&parent=37721"}],"wp:term":[{"taxonomy":"category","embeddable":true,"href":"https:\/\/hainaut.sudradio.net\/index.php?rest_route=%2Fwp%2Fv2%2Fcategories&post=37721"},{"taxonomy":"post_tag","embeddable":true,"href":"https:\/\/hainaut.sudradio.net\/index.php?rest_route=%2Fwp%2Fv2%2Ftags&post=37721"}],"curies":[{"name":"wp","href":"https:\/\/api.w.org\/{rel}","templated":true}]}}