{"id":37714,"date":"2026-04-28T03:18:08","date_gmt":"2026-04-28T03:18:08","guid":{"rendered":"https:\/\/hainaut.sudradio.net\/?p=37714"},"modified":"2026-04-28T03:18:25","modified_gmt":"2026-04-28T03:18:25","slug":"risque-dincendie-en-wallonie","status":"publish","type":"post","link":"https:\/\/hainaut.sudradio.net\/?p=37714","title":{"rendered":"Risque d&rsquo;incendie en Wallonie"},"content":{"rendered":"\n<p>Un risque \u00e9lev\u00e9 d\u2019incendie est signal\u00e9 en Wallonie. La cellule de vigilance du D\u00e9partement de la Nature et des For\u00eats annonce une <strong>p\u00e9riode \u00e0 risque<\/strong> dans toutes les provinces, d\u00e8s aujourd\u2019hui et jusqu\u2019\u00e0 vendredi inclus. En cause : un temps sec et des conditions propices aux d\u00e9parts de feu. Dans les Hautes Fagnes, le <strong>drapeau rouge<\/strong> est d\u00e9j\u00e0 hiss\u00e9 depuis plusieurs jours. La vigilance y est renforc\u00e9e, m\u00eame si le risque en for\u00eat reste globalement limit\u00e9. <\/p>\n\n\n\n<p>Selon l\u2019Institut royal m\u00e9t\u00e9orologique, la situation devrait <strong>s\u2019am\u00e9liorer <\/strong>d\u00e8s <strong>ce week-end<\/strong>, avec le retour attendu des pr\u00e9cipitations. Le niveau de risque repassera alors \u00e0 mod\u00e9r\u00e9, puis faible en d\u00e9but de semaine prochaine. <\/p>\n\n\n\n<p>En attendant, les autorit\u00e9s rappellent<strong> les r\u00e8gles de base<\/strong> : interdiction formelle de faire du feu en for\u00eat, ne jamais jeter de m\u00e9gots, et \u00e9viter de stationner dans les hautes herbes. Attention \u00e9galement aux travaux g\u00e9n\u00e9rant des \u00e9tincelles, ainsi qu\u2019aux barbecues, qui doivent \u00eatre install\u00e9s loin de toute v\u00e9g\u00e9tation et toujours accompagn\u00e9s d\u2019un moyen d\u2019extinction. <\/p>\n\n\n\n<p>La surveillance sur le terrain sera renforc\u00e9e durant toute cette p\u00e9riode.<br><br><\/p>\n","protected":false},"excerpt":{"rendered":"<p>Un risque \u00e9lev\u00e9 d\u2019incendie est signal\u00e9 en Wallonie. La cellule de vigilance du D\u00e9partement de la Nature et des For\u00eats annonce une p\u00e9riode \u00e0 risque dans toutes les provinces, d\u00e8s aujourd\u2019hui et jusqu\u2019\u00e0 vendredi inclus. En cause : un temps sec et des conditions propices aux d\u00e9parts de feu. Dans les Hautes Fagnes, le drapeau [&hellip;]<\/p>\n","protected":false},"author":12,"featured_media":37715,"comment_status":"open","ping_status":"open","sticky":false,"template":"","format":"standard","meta":{"footnotes":""},"categories":[6,1],"tags":[],"class_list":["post-37714","post","type-post","status-publish","format-standard","has-post-thumbnail","hentry","category-infos","category-uncategorized"],"_links":{"self":[{"href":"https:\/\/hainaut.sudradio.net\/index.php?rest_route=\/wp\/v2\/posts\/37714","targetHints":{"allow":["GET"]}}],"collection":[{"href":"https:\/\/hainaut.sudradio.net\/index.php?rest_route=\/wp\/v2\/posts"}],"about":[{"href":"https:\/\/hainaut.sudradio.net\/index.php?rest_route=\/wp\/v2\/types\/post"}],"author":[{"embeddable":true,"href":"https:\/\/hainaut.sudradio.net\/index.php?rest_route=\/wp\/v2\/users\/12"}],"replies":[{"embeddable":true,"href":"https:\/\/hainaut.sudradio.net\/index.php?rest_route=%2Fwp%2Fv2%2Fcomments&post=37714"}],"version-history":[{"count":1,"href":"https:\/\/hainaut.sudradio.net\/index.php?rest_route=\/wp\/v2\/posts\/37714\/revisions"}],"predecessor-version":[{"id":37716,"href":"https:\/\/hainaut.sudradio.net\/index.php?rest_route=\/wp\/v2\/posts\/37714\/revisions\/37716"}],"wp:featuredmedia":[{"embeddable":true,"href":"https:\/\/hainaut.sudradio.net\/index.php?rest_route=\/wp\/v2\/media\/37715"}],"wp:attachment":[{"href":"https:\/\/hainaut.sudradio.net\/index.php?rest_route=%2Fwp%2Fv2%2Fmedia&parent=37714"}],"wp:term":[{"taxonomy":"category","embeddable":true,"href":"https:\/\/hainaut.sudradio.net\/index.php?rest_route=%2Fwp%2Fv2%2Fcategories&post=37714"},{"taxonomy":"post_tag","embeddable":true,"href":"https:\/\/hainaut.sudradio.net\/index.php?rest_route=%2Fwp%2Fv2%2Ftags&post=37714"}],"curies":[{"name":"wp","href":"https:\/\/api.w.org\/{rel}","templated":true}]}}