{"id":36855,"date":"2026-03-07T07:30:00","date_gmt":"2026-03-07T07:30:00","guid":{"rendered":"https:\/\/hainaut.sudradio.net\/?p=36855"},"modified":"2026-03-06T15:40:38","modified_gmt":"2026-03-06T15:40:38","slug":"love-international-festival-mons","status":"publish","type":"post","link":"https:\/\/hainaut.sudradio.net\/?p=36855","title":{"rendered":"Love International Festival Mons"},"content":{"rendered":"\n<p>Cr\u00e9\u00e9 en 1984, le Love International Film Festival de Mons explore l\u2019amour et les relations humaines \u00e0 travers une programmation internationale ouverte sur le monde. Chaque mois de mars, il rassemble \u00e0 Mons cin\u00e9philes, artistes et grand public, devenant un rendez-vous incontournable en Belgique francophone avec pr\u00e8s de 20 000 festivaliers. Sud Radio est fier d\u2019\u00eatre partenaire de cette \u00e9dition 2026, qui se tient du 6 au 14 mars. Invit\u00e9s, coups de c\u0153ur, coulisses et moments forts : rendez-vous chaque jour sur Sud Radio jusqu\u2019au samedi 14 mars \u00e0 14h et \u00e0 19h pour suivre toute l\u2019actualit\u00e9 du Love International Film Festival de Mons.<\/p>\n\n\n\n<p><\/p>\n","protected":false},"excerpt":{"rendered":"<p>Cr\u00e9\u00e9 en 1984, le Love International Film Festival de Mons explore l\u2019amour et les relations humaines \u00e0 travers une programmation internationale ouverte sur le monde. Chaque mois de mars, il rassemble \u00e0 Mons cin\u00e9philes, artistes et grand public, devenant un rendez-vous incontournable en Belgique francophone avec pr\u00e8s de 20 000 festivaliers. Sud Radio est fier [&hellip;]<\/p>\n","protected":false},"author":16,"featured_media":36850,"comment_status":"open","ping_status":"open","sticky":false,"template":"","format":"standard","meta":{"footnotes":""},"categories":[8],"tags":[],"class_list":["post-36855","post","type-post","status-publish","format-standard","has-post-thumbnail","hentry","category-infos-de-la-radio"],"_links":{"self":[{"href":"https:\/\/hainaut.sudradio.net\/index.php?rest_route=\/wp\/v2\/posts\/36855","targetHints":{"allow":["GET"]}}],"collection":[{"href":"https:\/\/hainaut.sudradio.net\/index.php?rest_route=\/wp\/v2\/posts"}],"about":[{"href":"https:\/\/hainaut.sudradio.net\/index.php?rest_route=\/wp\/v2\/types\/post"}],"author":[{"embeddable":true,"href":"https:\/\/hainaut.sudradio.net\/index.php?rest_route=\/wp\/v2\/users\/16"}],"replies":[{"embeddable":true,"href":"https:\/\/hainaut.sudradio.net\/index.php?rest_route=%2Fwp%2Fv2%2Fcomments&post=36855"}],"version-history":[{"count":1,"href":"https:\/\/hainaut.sudradio.net\/index.php?rest_route=\/wp\/v2\/posts\/36855\/revisions"}],"predecessor-version":[{"id":36856,"href":"https:\/\/hainaut.sudradio.net\/index.php?rest_route=\/wp\/v2\/posts\/36855\/revisions\/36856"}],"wp:featuredmedia":[{"embeddable":true,"href":"https:\/\/hainaut.sudradio.net\/index.php?rest_route=\/wp\/v2\/media\/36850"}],"wp:attachment":[{"href":"https:\/\/hainaut.sudradio.net\/index.php?rest_route=%2Fwp%2Fv2%2Fmedia&parent=36855"}],"wp:term":[{"taxonomy":"category","embeddable":true,"href":"https:\/\/hainaut.sudradio.net\/index.php?rest_route=%2Fwp%2Fv2%2Fcategories&post=36855"},{"taxonomy":"post_tag","embeddable":true,"href":"https:\/\/hainaut.sudradio.net\/index.php?rest_route=%2Fwp%2Fv2%2Ftags&post=36855"}],"curies":[{"name":"wp","href":"https:\/\/api.w.org\/{rel}","templated":true}]}}