{"id":35927,"date":"2026-01-13T08:19:03","date_gmt":"2026-01-13T08:19:03","guid":{"rendered":"https:\/\/hainaut.sudradio.net\/?p=35927"},"modified":"2026-01-13T11:45:21","modified_gmt":"2026-01-13T11:45:21","slug":"mons-en-lumieres-2026-le-festival-lumineux-gratuit-qui-embrase-le-coeur-historique-de-mons","status":"publish","type":"post","link":"https:\/\/hainaut.sudradio.net\/?p=35927","title":{"rendered":"Mons en Lumi\u00e8res 2026 : le festival lumineux gratuit qui embrase le c\u0153ur historique de Mons"},"content":{"rendered":"\n<p>Apr\u00e8s avoir \u00e9merveill\u00e9 des centaines de milliers de visiteurs, <strong>Mons en Lumi\u00e8res<\/strong>, port\u00e9 par la Ville de Mons, revient du <strong>22 au 25 janvier 2026<\/strong> pour une troisi\u00e8me \u00e9dition ambitieuse et po\u00e9tique. Pendant quatre soir\u00e9es, le c\u0153ur du centre historique se transforme en un vaste \u00e9crin lumineux o\u00f9 <strong>patrimoine, cr\u00e9ation artistique et imaginaire collectif<\/strong> s\u2019entrelacent.<\/p>\n\n\n\n<p>Depuis deux ans, le festival s\u2019est impos\u00e9 comme l\u2019un des grands rendez-vous hivernaux en Wallonie. En illuminant Mons au c\u0153ur de la saison froide, il cr\u00e9e une atmosph\u00e8re chaleureuse et f\u00e9d\u00e9ratrice, attirant un public toujours plus large. Avec <strong>plus de 260.000 visiteurs<\/strong> d\u00e9j\u00e0 accueillis, Mons en Lumi\u00e8res confirme son impact positif sur la <strong>vitalit\u00e9 touristique, culturelle et \u00e9conomique<\/strong> de la r\u00e9gion.<\/p>\n\n\n\n<hr class=\"wp-block-separator has-alpha-channel-opacity\"\/>\n\n\n\n<h3 class=\"wp-block-heading\">Un parcours lumineux in\u00e9dit au c\u0153ur de Mons<\/h3>\n\n\n\n<p>Pour cette \u00e9dition 2026, Mons en Lumi\u00e8res propose un <strong>parcours gratuit de pr\u00e8s de 3 kilom\u00e8tres<\/strong>, jalonn\u00e9 de <strong>15 installations lumineuses spectaculaires<\/strong>. Imagin\u00e9 comme une d\u00e9ambulation immersive, le parcours traverse rues, places et sites embl\u00e9matiques du centre historique.<\/p>\n\n\n\n<p>Chaque \u0153uvre est con\u00e7ue comme une rencontre ou un moment suspendu, offrant un <strong>nouveau regard sur le patrimoine montois<\/strong>. Rien n\u2019est r\u00e9p\u00e9t\u00e9 : les installations sont enti\u00e8rement in\u00e9dites, pens\u00e9es sp\u00e9cifiquement pour les lieux qu\u2019elles investissent. Monumentales ou intimistes, contemplatives ou interactives, elles invitent le visiteur \u00e0 ralentir, observer et ressentir la ville autrement.<\/p>\n\n\n\n<hr class=\"wp-block-separator has-alpha-channel-opacity\"\/>\n\n\n\n<h3 class=\"wp-block-heading\">\u00ab Entrer dans la lumi\u00e8re. Un besoin d\u2019\u00e9clairer le monde \u00bb<\/h3>\n\n\n\n<p>La troisi\u00e8me \u00e9dition de Mons en Lumi\u00e8res s\u2019articule autour d\u2019un th\u00e8me fort et po\u00e9tique :<br><strong>\u00ab Entrer dans la lumi\u00e8re. Un besoin d\u2019\u00e9clairer le monde \u00bb<\/strong>.<\/p>\n\n\n\n<p>Cette th\u00e9matique est n\u00e9e d\u2019une collaboration \u00e9troite entre la Ville de Mons, l\u2019<strong>Universit\u00e9 de Mons (UMons)<\/strong> et le <strong>MUMONS<\/strong>, en \u00e9cho \u00e0 l\u2019exposition <em>\u00c9lectrique<\/em>. \u00c0 la crois\u00e9e de l\u2019art et de la science, elle interroge notre rapport \u00e0 la lumi\u00e8re sous toutes ses formes : ph\u00e9nom\u00e8ne physique, \u00e9nergie vitale, source de connaissance et de lien entre les \u00eatres.<\/p>\n\n\n\n<p>La lumi\u00e8re y devient mati\u00e8re vivante, vibrante et sensible. Elle \u00e9claire autant les espaces urbains que nos imaginaires, invitant chacun \u00e0 franchir un seuil symbolique, \u00e0 quitter l\u2019ombre pour mieux comprendre le monde qui l\u2019entoure.<\/p>\n\n\n\n<hr class=\"wp-block-separator has-alpha-channel-opacity\"\/>\n\n\n\n<h3 class=\"wp-block-heading\">Art, science et \u00e9motion au fil de la d\u00e9ambulation<\/h3>\n\n\n\n<p>L\u2019exposition <em>\u00c9lectrique<\/em>, con\u00e7ue par le MUMONS, explore le r\u00f4le fondamental de l\u2019\u00e9lectricit\u00e9 dans la naissance du monde moderne et la circulation de l\u2019\u00e9nergie. Mons en Lumi\u00e8res 2026 prolonge cette r\u00e9flexion dans l\u2019espace public, \u00e0 travers des installations o\u00f9 la lumi\u00e8re pulse, se fragmente, se transforme ou rena\u00eet.<\/p>\n\n\n\n<p>Le parcours devient ainsi une <strong>exp\u00e9rience immersive et sensorielle<\/strong>, m\u00ealant projections, jeux d\u2019ombres, lumi\u00e8res diffuses et sonorit\u00e9s. Dans un monde satur\u00e9 d\u2019images et de vitesse, le festival offre une <strong>respiration collective<\/strong>, un temps pour la contemplation et l\u2019\u00e9veil des sens.<\/p>\n\n\n\n<hr class=\"wp-block-separator has-alpha-channel-opacity\"\/>\n\n\n\n<h3 class=\"wp-block-heading\">Un dialogue avec les grands temps culturels montois<\/h3>\n\n\n\n<p>Cette \u00e9dition s\u2019inscrit dans un moment fort de la vie culturelle de Mons, puisqu\u2019elle co\u00efncide avec le <strong>week-end de cl\u00f4ture de l\u2019exposition \u201cDavid Hockney. Le Chant de la Terre\u201d au CAP<\/strong>. Un dialogue naturel s\u2019installe entre art pictural et art lumineux, autour de la couleur, de la lumi\u00e8re et du regard port\u00e9 sur la nature et le sensible.<\/p>\n\n\n\n<p>De la <strong>Place L\u00e9opold \u00e0 la Grand-Place<\/strong>, du <strong>Beffroi au Jardin du Mayeur<\/strong>, de la <strong>coll\u00e9giale Sainte-Waudru \u00e0 la Maison Losseau<\/strong>, chaque \u00e9tape du parcours r\u00e9v\u00e8le une atmosph\u00e8re singuli\u00e8re et magnifie les d\u00e9tails architecturaux de la ville.<\/p>\n\n\n\n<hr class=\"wp-block-separator has-alpha-channel-opacity\"\/>\n\n\n\n<h3 class=\"wp-block-heading\">Un festival accessible, durable et f\u00e9d\u00e9rateur<\/h3>\n\n\n\n<p>Enti\u00e8rement <strong>gratuit et accessible \u00e0 toutes et tous<\/strong>, Mons en Lumi\u00e8res affirme aussi son engagement en faveur d\u2019une <strong>d\u00e9marche durable<\/strong>, en privil\u00e9giant des dispositifs sobres en \u00e9nergie et une organisation attentive \u00e0 l\u2019impact environnemental.<\/p>\n\n\n\n<p>Au-del\u00e0 de l\u2019exp\u00e9rience artistique, le festival agit comme un v\u00e9ritable <strong>moteur pour le centre-ville<\/strong>, accompagnant la m\u00e9tamorphose des quartiers historiques et renfor\u00e7ant l\u2019attractivit\u00e9 de Mons en hiver.<\/p>\n\n\n\n<hr class=\"wp-block-separator has-alpha-channel-opacity\"\/>\n\n\n\n<h3 class=\"wp-block-heading\">Une seconde escale lumineuse \u00e0 SPARKOH!<\/h3>\n\n\n\n<p>L\u2019\u00e9v\u00e9nement se prolonge lors d\u2019un <strong>deuxi\u00e8me week-end<\/strong>, du <strong>12 au 14 f\u00e9vrier 2026<\/strong>, sur le site de <strong>SPARKOH! \u00e0 Frameries<\/strong>. \u00c0 cette occasion, l\u2019ancien site industriel, devenu lieu de savoir et de d\u00e9couverte, se m\u00e9tamorphose \u00e0 son tour pour accueillir une version plus intimiste de Mons en Lumi\u00e8res.<\/p>\n\n\n\n<p>Une invitation \u00e0 retrouver l\u2019esprit du festival dans un cadre diff\u00e9rent, o\u00f9 <strong>art, science et lumi\u00e8re<\/strong> dialoguent au c\u0153ur d\u2019un patrimoine industriel r\u00e9invent\u00e9.<\/p>\n","protected":false},"excerpt":{"rendered":"<p>Apr\u00e8s avoir \u00e9merveill\u00e9 des centaines de milliers de visiteurs, Mons en Lumi\u00e8res, port\u00e9 par la Ville de Mons, revient du 22 au 25 janvier 2026 pour une troisi\u00e8me \u00e9dition ambitieuse et po\u00e9tique. Pendant quatre soir\u00e9es, le c\u0153ur du centre historique se transforme en un vaste \u00e9crin lumineux o\u00f9 patrimoine, cr\u00e9ation artistique et imaginaire collectif s\u2019entrelacent. [&hellip;]<\/p>\n","protected":false},"author":16,"featured_media":35928,"comment_status":"open","ping_status":"open","sticky":false,"template":"","format":"standard","meta":{"footnotes":""},"categories":[6],"tags":[],"class_list":["post-35927","post","type-post","status-publish","format-standard","has-post-thumbnail","hentry","category-infos"],"_links":{"self":[{"href":"https:\/\/hainaut.sudradio.net\/index.php?rest_route=\/wp\/v2\/posts\/35927","targetHints":{"allow":["GET"]}}],"collection":[{"href":"https:\/\/hainaut.sudradio.net\/index.php?rest_route=\/wp\/v2\/posts"}],"about":[{"href":"https:\/\/hainaut.sudradio.net\/index.php?rest_route=\/wp\/v2\/types\/post"}],"author":[{"embeddable":true,"href":"https:\/\/hainaut.sudradio.net\/index.php?rest_route=\/wp\/v2\/users\/16"}],"replies":[{"embeddable":true,"href":"https:\/\/hainaut.sudradio.net\/index.php?rest_route=%2Fwp%2Fv2%2Fcomments&post=35927"}],"version-history":[{"count":1,"href":"https:\/\/hainaut.sudradio.net\/index.php?rest_route=\/wp\/v2\/posts\/35927\/revisions"}],"predecessor-version":[{"id":35929,"href":"https:\/\/hainaut.sudradio.net\/index.php?rest_route=\/wp\/v2\/posts\/35927\/revisions\/35929"}],"wp:featuredmedia":[{"embeddable":true,"href":"https:\/\/hainaut.sudradio.net\/index.php?rest_route=\/wp\/v2\/media\/35928"}],"wp:attachment":[{"href":"https:\/\/hainaut.sudradio.net\/index.php?rest_route=%2Fwp%2Fv2%2Fmedia&parent=35927"}],"wp:term":[{"taxonomy":"category","embeddable":true,"href":"https:\/\/hainaut.sudradio.net\/index.php?rest_route=%2Fwp%2Fv2%2Fcategories&post=35927"},{"taxonomy":"post_tag","embeddable":true,"href":"https:\/\/hainaut.sudradio.net\/index.php?rest_route=%2Fwp%2Fv2%2Ftags&post=35927"}],"curies":[{"name":"wp","href":"https:\/\/api.w.org\/{rel}","templated":true}]}}