{"id":35898,"date":"2026-01-10T07:30:00","date_gmt":"2026-01-10T07:30:00","guid":{"rendered":"https:\/\/hainaut.sudradio.net\/?p=35898"},"modified":"2026-01-09T15:04:40","modified_gmt":"2026-01-09T15:04:40","slug":"14-01-journee-hommage-daniel-balavoine","status":"publish","type":"post","link":"https:\/\/hainaut.sudradio.net\/?p=35898","title":{"rendered":"14\/01 : journ\u00e9e hommage Daniel Balavoine"},"content":{"rendered":"\n<p>A l\u2019occasion du 40<sup>\u00e8me<\/sup> anniversaire de sa disparition, ce mercredi 14 janvier, Sud Radio rend hommage \u00e0 l\u2019un des artistes les plus marquants de la chanson fran\u00e7aise\u00a0: Daniel Balavoine. <\/p>\n\n\n\n<p>Visionnaire, engag\u00e9 et intemporel, il a profond\u00e9ment marqu\u00e9 des g\u00e9n\u00e9rations enti\u00e8res. Retrouvez ses plus belles chansons toutes les heures de la journ\u00e9e\u00a0!<\/p>\n\n\n\n<p><\/p>\n","protected":false},"excerpt":{"rendered":"<p>A l\u2019occasion du 40\u00e8me anniversaire de sa disparition, ce mercredi 14 janvier, Sud Radio rend hommage \u00e0 l\u2019un des artistes les plus marquants de la chanson fran\u00e7aise\u00a0: Daniel Balavoine. Visionnaire, engag\u00e9 et intemporel, il a profond\u00e9ment marqu\u00e9 des g\u00e9n\u00e9rations enti\u00e8res. Retrouvez ses plus belles chansons toutes les heures de la journ\u00e9e\u00a0!<\/p>\n","protected":false},"author":16,"featured_media":35888,"comment_status":"open","ping_status":"open","sticky":false,"template":"","format":"standard","meta":{"footnotes":""},"categories":[8],"tags":[],"class_list":["post-35898","post","type-post","status-publish","format-standard","has-post-thumbnail","hentry","category-infos-de-la-radio"],"_links":{"self":[{"href":"https:\/\/hainaut.sudradio.net\/index.php?rest_route=\/wp\/v2\/posts\/35898","targetHints":{"allow":["GET"]}}],"collection":[{"href":"https:\/\/hainaut.sudradio.net\/index.php?rest_route=\/wp\/v2\/posts"}],"about":[{"href":"https:\/\/hainaut.sudradio.net\/index.php?rest_route=\/wp\/v2\/types\/post"}],"author":[{"embeddable":true,"href":"https:\/\/hainaut.sudradio.net\/index.php?rest_route=\/wp\/v2\/users\/16"}],"replies":[{"embeddable":true,"href":"https:\/\/hainaut.sudradio.net\/index.php?rest_route=%2Fwp%2Fv2%2Fcomments&post=35898"}],"version-history":[{"count":1,"href":"https:\/\/hainaut.sudradio.net\/index.php?rest_route=\/wp\/v2\/posts\/35898\/revisions"}],"predecessor-version":[{"id":35899,"href":"https:\/\/hainaut.sudradio.net\/index.php?rest_route=\/wp\/v2\/posts\/35898\/revisions\/35899"}],"wp:featuredmedia":[{"embeddable":true,"href":"https:\/\/hainaut.sudradio.net\/index.php?rest_route=\/wp\/v2\/media\/35888"}],"wp:attachment":[{"href":"https:\/\/hainaut.sudradio.net\/index.php?rest_route=%2Fwp%2Fv2%2Fmedia&parent=35898"}],"wp:term":[{"taxonomy":"category","embeddable":true,"href":"https:\/\/hainaut.sudradio.net\/index.php?rest_route=%2Fwp%2Fv2%2Fcategories&post=35898"},{"taxonomy":"post_tag","embeddable":true,"href":"https:\/\/hainaut.sudradio.net\/index.php?rest_route=%2Fwp%2Fv2%2Ftags&post=35898"}],"curies":[{"name":"wp","href":"https:\/\/api.w.org\/{rel}","templated":true}]}}