{"id":35107,"date":"2025-12-02T15:25:41","date_gmt":"2025-12-02T15:25:41","guid":{"rendered":"https:\/\/hainaut.sudradio.net\/?p=35107"},"modified":"2025-12-03T10:59:50","modified_gmt":"2025-12-03T10:59:50","slug":"noel-2025-emballez-moins-emballez-mieux-pour-un-noel-zero-dechet","status":"publish","type":"post","link":"https:\/\/hainaut.sudradio.net\/?p=35107","title":{"rendered":"No\u00ebl 2025 : \u201cEmballez moins, emballez mieux\u201d pour un No\u00ebl z\u00e9ro d\u00e9chet"},"content":{"rendered":"\n<p>\u00c0 l\u2019approche de No\u00ebl, nos maisons se remplissent de papiers cadeaux, rubans et emballages jetables\u2026 avant de finir dans nos poubelles. Chaque ann\u00e9e, des tonnes de d\u00e9chets festifs sont produits apr\u00e8s quelques minutes d\u2019utilisation. Pour r\u00e9duire cet impact, une campagne de sensibilisation est lanc\u00e9e par ConsomAction, la f\u00e9d\u00e9ration belge des acteurs de la consommation responsable et de l\u2019\u00e9conomie circulaire. <br>Elle s&rsquo;intitule <strong>\u201cEmballez moins, emballez mieux\u201d<\/strong>  et se d\u00e9roule du <strong>1er au 25 d\u00e9cembre 2025<\/strong>.<\/p>\n\n\n\n<p>Le but : <strong>informer, inspirer et mobiliser<\/strong>. La campagne met en lumi\u00e8re l\u2019impact environnemental des emballages jetables et propose des alternatives r\u00e9utilisables et cr\u00e9atives : furoshiki, tissus de r\u00e9cup\u00e9ration, bo\u00eetes \u00e0 r\u00e9emploi ou DIY.<\/p>\n\n\n\n<p>Pour toucher le grand public, un article de blog pr\u00e9sente des solutions simples, des ateliers pratiques sont organis\u00e9s par des membres de la communaut\u00e9, et des affiches et cartes gliss\u00e9es dans les paniers rappellent : <strong>\u201cPas d\u2019emballage, pas de gaspillage, juste du partage\u201d<\/strong>.<\/p>\n\n\n\n<p>Cette initiative encourage chacun \u00e0 adopter des gestes simples mais significatifs : choisir des emballages r\u00e9utilisables pour pr\u00e9server les ressources, r\u00e9duire les d\u00e9chets et ajouter une touche cr\u00e9ative aux f\u00eates. Un No\u00ebl durable et magique est \u00e0 port\u00e9e de main !<\/p>\n","protected":false},"excerpt":{"rendered":"<p>\u00c0 l\u2019approche de No\u00ebl, nos maisons se remplissent de papiers cadeaux, rubans et emballages jetables\u2026 avant de finir dans nos poubelles. Chaque ann\u00e9e, des tonnes de d\u00e9chets festifs sont produits apr\u00e8s quelques minutes d\u2019utilisation. Pour r\u00e9duire cet impact, une campagne de sensibilisation est lanc\u00e9e par ConsomAction, la f\u00e9d\u00e9ration belge des acteurs de la consommation responsable [&hellip;]<\/p>\n","protected":false},"author":16,"featured_media":35108,"comment_status":"open","ping_status":"open","sticky":false,"template":"","format":"standard","meta":{"footnotes":""},"categories":[6],"tags":[],"class_list":["post-35107","post","type-post","status-publish","format-standard","has-post-thumbnail","hentry","category-infos"],"_links":{"self":[{"href":"https:\/\/hainaut.sudradio.net\/index.php?rest_route=\/wp\/v2\/posts\/35107","targetHints":{"allow":["GET"]}}],"collection":[{"href":"https:\/\/hainaut.sudradio.net\/index.php?rest_route=\/wp\/v2\/posts"}],"about":[{"href":"https:\/\/hainaut.sudradio.net\/index.php?rest_route=\/wp\/v2\/types\/post"}],"author":[{"embeddable":true,"href":"https:\/\/hainaut.sudradio.net\/index.php?rest_route=\/wp\/v2\/users\/16"}],"replies":[{"embeddable":true,"href":"https:\/\/hainaut.sudradio.net\/index.php?rest_route=%2Fwp%2Fv2%2Fcomments&post=35107"}],"version-history":[{"count":2,"href":"https:\/\/hainaut.sudradio.net\/index.php?rest_route=\/wp\/v2\/posts\/35107\/revisions"}],"predecessor-version":[{"id":35116,"href":"https:\/\/hainaut.sudradio.net\/index.php?rest_route=\/wp\/v2\/posts\/35107\/revisions\/35116"}],"wp:featuredmedia":[{"embeddable":true,"href":"https:\/\/hainaut.sudradio.net\/index.php?rest_route=\/wp\/v2\/media\/35108"}],"wp:attachment":[{"href":"https:\/\/hainaut.sudradio.net\/index.php?rest_route=%2Fwp%2Fv2%2Fmedia&parent=35107"}],"wp:term":[{"taxonomy":"category","embeddable":true,"href":"https:\/\/hainaut.sudradio.net\/index.php?rest_route=%2Fwp%2Fv2%2Fcategories&post=35107"},{"taxonomy":"post_tag","embeddable":true,"href":"https:\/\/hainaut.sudradio.net\/index.php?rest_route=%2Fwp%2Fv2%2Ftags&post=35107"}],"curies":[{"name":"wp","href":"https:\/\/api.w.org\/{rel}","templated":true}]}}