{"id":34169,"date":"2025-10-17T13:11:36","date_gmt":"2025-10-17T13:11:36","guid":{"rendered":"https:\/\/hainaut.sudradio.net\/?p=34169"},"modified":"2025-12-05T15:25:34","modified_gmt":"2025-12-05T15:25:34","slug":"tendez-les-oreilles-le-meilleur-son-cest-sur-sud-radio","status":"publish","type":"post","link":"https:\/\/hainaut.sudradio.net\/?p=34169","title":{"rendered":"Sud Radio en t\u00eate des Radios Provinciales !"},"content":{"rendered":"\n<p><strong>Sud Radio est <span class=\"has-inline-color has-luminous-vivid-amber-color\">en t\u00eate<\/span> <span class=\"has-inline-color has-vivid-red-color\">des Radios Provinciales&nbsp;!<\/span><\/strong><\/p>\n\n\n\n<p><strong>Le dernier sondage<\/strong><strong> CIM vient de sortir<\/strong><strong> et SUD RADIO<\/strong><strong> confirme<\/strong><strong> sa position comme acteur majeur du paysage radiophonique provincial que ce soit en parts de march\u00e9 comme en dur\u00e9e d\u2019\u00e9coute et ceci gr\u00e2ce \u00e0 la fid\u00e9lit\u00e9 de ses auditeurs.<\/strong><strong><\/strong><\/p>\n\n\n\n<p>Avec son ton chaleureux et sa proximit\u00e9, <strong>SUD RADIO<\/strong> continue de partager ce qui fait battre le c\u0153ur de la Belgique : ses artistes, ses entrepreneurs, ses infos, son ton positif et sa bonne humeur.<\/p>\n\n\n\n<p>S\u2019informer et se divertir en m\u00eame temps c\u2019est possible avec <strong>SUD RADIO<\/strong> !<\/p>\n\n\n\n<p>Fid\u00e8le \u00e0 son ADN, <strong>SUD RADIO<\/strong> partage son temps d\u2019antenne entre <strong><em>musique, concours, information<\/em><\/strong> internationale, nationale et r\u00e9gionale mais aussi des <strong><em>agendas hainuyers<\/em><\/strong> d\u2019une part, et <strong><em>provinciaux et Bruxellois<\/em><\/strong> avec les agendas <strong><em>\u00ab&nbsp;Sortez de chez vous&nbsp;\u00bb<\/em><\/strong> d\u2019autre part via <strong>Sud Radio Belgique en DAB+ .<\/strong><\/p>\n\n\n\n<p>Avec <strong><span class=\"has-inline-color has-vivid-red-color\">15%<\/span><\/strong> de sa programmation d\u00e9di\u00e9e aux artistes belges,<\/p>\n\n\n\n<p><strong>SUD RADIO<\/strong> s\u2019affirme comme <strong>\u00ab LA PLUS <span class=\"has-inline-color has-luminous-vivid-amber-color\">BELGE<\/span> <span class=\"has-inline-color has-vivid-red-color\">RADIO \u00bb<\/span><\/strong><\/p>\n\n\n\n<p>parmi les m\u00e9dias francophones, mais \u00e9galement gr\u00e2ce \u00e0 ses \u00e9missions <strong>100% <span class=\"has-inline-color has-luminous-vivid-amber-color\">made in<\/span> <span class=\"has-inline-color has-vivid-red-color\">Belgium<\/span><\/strong> comme&nbsp;: \u00ab <strong>La Belgique a du talent<\/strong> \u00bb tous les jours \u00e0 17h30 avec <strong><em>Maryline<\/em><\/strong>, <strong><span class=\"has-inline-color has-luminous-vivid-amber-color\">\u00ab L\u2019heure Belge \u00bb ou encore \u00ab Best Of Belgium \u00bb<\/span><\/strong> le samedi de 16h \u00e0 17h avec <strong><em>Largo<\/em><\/strong>, et sous peu son nouveau rendez-vous ax\u00e9 sur les entreprises <strong><span class=\"has-inline-color has-vivid-red-color\">\u00ab&nbsp;La Belgique a du Savoir-Faire&nbsp;\u00bb<\/span><\/strong>.<\/p>\n\n\n\n<p>Sans oublier de nombreux rendez-vous phares : <strong>Le Croissant Show<\/strong> et l\u2019interview d\u2019artistes de renomm\u00e9e par <strong><em>Pablo<\/em><\/strong> le vendredi de 7h \u00e0 9h, le <strong>Conseil Sant\u00e9<\/strong>, <strong>Bien dans ses Pattes<\/strong>, <strong>l\u2019info People<\/strong>, <strong>les Concours de la semaine<\/strong>, le <strong>Quiz de Charlie<\/strong>, le <strong>Journal des bonnes nouvelles <\/strong>dans la tranche horaire de<strong> <em>Jihem<\/em><\/strong>, le <strong>Week-end Best Of<\/strong> d\u00e9di\u00e9 \u00e0 un artiste chaque semaine, ainsi que <strong>les Ann\u00e9es Vinyles <\/strong>le vendredi soir avec <strong><em>LNA<\/em><\/strong> ou encore Le <strong>Saturday Music Show <\/strong>le samedi soir avec <strong><em>Louis<\/em><\/strong>\u2026<\/p>\n\n\n\n<p>Sud Radio, c\u2019est \u00e9galement <strong><span class=\"has-inline-color has-vivid-cyan-blue-color\">Un Son Pur et Un Confort d\u2019\u00e9coute<\/span>,<\/strong> gr\u00e2ce \u00e0 ses <em>15 fr\u00e9quences FM et son r\u00e9seau en DAB+ en Hainaut<\/em>, et gr\u00e2ce \u00e0 Sud Radio Belgique en DAB+, qui s\u2019\u00e9coute partout de Li\u00e8ge \u00e0 Tournai en passant par Bruxelles, Namur ou le Luxembourg.<\/p>\n\n\n\n<p><strong>Tendez les oreilles, <span class=\"has-inline-color has-luminous-vivid-amber-color\">le meilleur SON<\/span> <span class=\"has-inline-color has-vivid-red-color\">c\u2019est sur Sud Radio\u00a0!<\/span><\/strong><\/p>\n\n\n\n<p><\/p>\n","protected":false},"excerpt":{"rendered":"<p>Sud Radio est en t\u00eate des Radios Provinciales&nbsp;! Le dernier sondage CIM vient de sortir et SUD RADIO confirme sa position comme acteur majeur du paysage radiophonique provincial que ce soit en parts de march\u00e9 comme en dur\u00e9e d\u2019\u00e9coute et ceci gr\u00e2ce \u00e0 la fid\u00e9lit\u00e9 de ses auditeurs. Avec son ton chaleureux et sa proximit\u00e9, [&hellip;]<\/p>\n","protected":false},"author":16,"featured_media":34171,"comment_status":"open","ping_status":"open","sticky":false,"template":"","format":"standard","meta":{"footnotes":""},"categories":[6],"tags":[],"class_list":["post-34169","post","type-post","status-publish","format-standard","has-post-thumbnail","hentry","category-infos"],"_links":{"self":[{"href":"https:\/\/hainaut.sudradio.net\/index.php?rest_route=\/wp\/v2\/posts\/34169","targetHints":{"allow":["GET"]}}],"collection":[{"href":"https:\/\/hainaut.sudradio.net\/index.php?rest_route=\/wp\/v2\/posts"}],"about":[{"href":"https:\/\/hainaut.sudradio.net\/index.php?rest_route=\/wp\/v2\/types\/post"}],"author":[{"embeddable":true,"href":"https:\/\/hainaut.sudradio.net\/index.php?rest_route=\/wp\/v2\/users\/16"}],"replies":[{"embeddable":true,"href":"https:\/\/hainaut.sudradio.net\/index.php?rest_route=%2Fwp%2Fv2%2Fcomments&post=34169"}],"version-history":[{"count":5,"href":"https:\/\/hainaut.sudradio.net\/index.php?rest_route=\/wp\/v2\/posts\/34169\/revisions"}],"predecessor-version":[{"id":34178,"href":"https:\/\/hainaut.sudradio.net\/index.php?rest_route=\/wp\/v2\/posts\/34169\/revisions\/34178"}],"wp:featuredmedia":[{"embeddable":true,"href":"https:\/\/hainaut.sudradio.net\/index.php?rest_route=\/wp\/v2\/media\/34171"}],"wp:attachment":[{"href":"https:\/\/hainaut.sudradio.net\/index.php?rest_route=%2Fwp%2Fv2%2Fmedia&parent=34169"}],"wp:term":[{"taxonomy":"category","embeddable":true,"href":"https:\/\/hainaut.sudradio.net\/index.php?rest_route=%2Fwp%2Fv2%2Fcategories&post=34169"},{"taxonomy":"post_tag","embeddable":true,"href":"https:\/\/hainaut.sudradio.net\/index.php?rest_route=%2Fwp%2Fv2%2Ftags&post=34169"}],"curies":[{"name":"wp","href":"https:\/\/api.w.org\/{rel}","templated":true}]}}