{"id":33795,"date":"2025-10-03T16:13:59","date_gmt":"2025-10-03T16:13:59","guid":{"rendered":"https:\/\/hainaut.sudradio.net\/?p=33795"},"modified":"2025-10-03T16:13:59","modified_gmt":"2025-10-03T16:13:59","slug":"hainaut-portes-ouvertes-de-lasbl-droit-et-devoir-ce-dimanche","status":"publish","type":"post","link":"https:\/\/hainaut.sudradio.net\/?p=33795","title":{"rendered":"Hainaut : portes ouvertes de l&rsquo;ASBL Droit et Devoir, ce dimanche"},"content":{"rendered":"\n<p>Ce <strong>dimanche 5 octobre<\/strong>, de 10h \u00e0 16h, <strong>l&rsquo;ASBL Droit et Devoir<\/strong> organise une grande <strong>Journ\u00e9e Portes Ouvertes<\/strong> sur <strong>quatre sites du Hainaut<\/strong>. Cette journ\u00e9e sera ponctu\u00e9e d\u2019une <strong>braderie<\/strong>.<\/p>\n\n\n\n<p>L\u2019objectif est de mettre en lumi\u00e8re les <strong>projets r\u00e9alis\u00e9s par les stagiaires<\/strong> et de rappeler l\u2019importance de <strong>l\u2019insertion socio-professionnelle<\/strong> pour l\u2019\u00e9conomie locale et le bien-\u00eatre collectif.<\/p>\n\n\n\n<p>Tout au long de la journ\u00e9e, le public pourra participer \u00e0 des <strong>ateliers interactifs<\/strong>, assister \u00e0 des <strong>d\u00e9monstrations <\/strong>et \u00e9changer avec <strong>formateurs et stagiaires<\/strong>.<\/p>\n\n\n\n<p>Parmi les ateliers propos\u00e9s figurent le <strong>montage et diagnostic de PC<\/strong>, la <strong>valorisation et le r\u00e9emploi des d\u00e9chets<\/strong>, la <strong>conception en impression 3D<\/strong> ou encore la d\u00e9couverte du m\u00e9tier de <strong>call center<\/strong> via mises en situation. <strong>Nouveaut\u00e9 cette ann\u00e9e<\/strong> : la pr\u00e9sentation de <strong>trois plateformes<\/strong> \u2013 ddmoodle.eu, recycleriehainaut.be et larecupe.be \u2013 en lien avec l\u2019\u00e9conomie circulaire. Le partenaire Comet, acteur majeur du recyclage, illustrera \u00e9galement son expertise en mati\u00e8re de <strong>transformation durable des mati\u00e8res<\/strong>.<\/p>\n\n\n\n<p><strong>L\u2019acc\u00e8s est gratuit et ouvert \u00e0 tous<\/strong>. Des visites guid\u00e9es, d\u00e9monstrations et rencontres rythmeront la journ\u00e9e pour d\u00e9couvrir, tester et s\u2019inspirer des solutions innovantes propos\u00e9es.<\/p>\n","protected":false},"excerpt":{"rendered":"<p>Ce dimanche 5 octobre, de 10h \u00e0 16h, l&rsquo;ASBL Droit et Devoir organise une grande Journ\u00e9e Portes Ouvertes sur quatre sites du Hainaut. Cette journ\u00e9e sera ponctu\u00e9e d\u2019une braderie. L\u2019objectif est de mettre en lumi\u00e8re les projets r\u00e9alis\u00e9s par les stagiaires et de rappeler l\u2019importance de l\u2019insertion socio-professionnelle pour l\u2019\u00e9conomie locale et le bien-\u00eatre collectif. [&hellip;]<\/p>\n","protected":false},"author":16,"featured_media":33796,"comment_status":"open","ping_status":"open","sticky":false,"template":"","format":"standard","meta":{"footnotes":""},"categories":[6],"tags":[],"class_list":["post-33795","post","type-post","status-publish","format-standard","has-post-thumbnail","hentry","category-infos"],"_links":{"self":[{"href":"https:\/\/hainaut.sudradio.net\/index.php?rest_route=\/wp\/v2\/posts\/33795","targetHints":{"allow":["GET"]}}],"collection":[{"href":"https:\/\/hainaut.sudradio.net\/index.php?rest_route=\/wp\/v2\/posts"}],"about":[{"href":"https:\/\/hainaut.sudradio.net\/index.php?rest_route=\/wp\/v2\/types\/post"}],"author":[{"embeddable":true,"href":"https:\/\/hainaut.sudradio.net\/index.php?rest_route=\/wp\/v2\/users\/16"}],"replies":[{"embeddable":true,"href":"https:\/\/hainaut.sudradio.net\/index.php?rest_route=%2Fwp%2Fv2%2Fcomments&post=33795"}],"version-history":[{"count":1,"href":"https:\/\/hainaut.sudradio.net\/index.php?rest_route=\/wp\/v2\/posts\/33795\/revisions"}],"predecessor-version":[{"id":33797,"href":"https:\/\/hainaut.sudradio.net\/index.php?rest_route=\/wp\/v2\/posts\/33795\/revisions\/33797"}],"wp:featuredmedia":[{"embeddable":true,"href":"https:\/\/hainaut.sudradio.net\/index.php?rest_route=\/wp\/v2\/media\/33796"}],"wp:attachment":[{"href":"https:\/\/hainaut.sudradio.net\/index.php?rest_route=%2Fwp%2Fv2%2Fmedia&parent=33795"}],"wp:term":[{"taxonomy":"category","embeddable":true,"href":"https:\/\/hainaut.sudradio.net\/index.php?rest_route=%2Fwp%2Fv2%2Fcategories&post=33795"},{"taxonomy":"post_tag","embeddable":true,"href":"https:\/\/hainaut.sudradio.net\/index.php?rest_route=%2Fwp%2Fv2%2Ftags&post=33795"}],"curies":[{"name":"wp","href":"https:\/\/api.w.org\/{rel}","templated":true}]}}