{"id":33144,"date":"2025-09-03T14:10:15","date_gmt":"2025-09-03T14:10:15","guid":{"rendered":"https:\/\/hainaut.sudradio.net\/?p=33144"},"modified":"2025-09-03T14:10:15","modified_gmt":"2025-09-03T14:10:15","slug":"ath%e2%80%af-bicentenaire-du-corps-des-pompiers-un-week-end-de-festivites","status":"publish","type":"post","link":"https:\/\/hainaut.sudradio.net\/?p=33144","title":{"rendered":"ATH\u202f: Bicentenaire du Corps des Pompiers, un week-end de festivit\u00e9s"},"content":{"rendered":"\n<p>La caserne d\u2019Ath s\u2019appr\u00eate \u00e0 c\u00e9l\u00e9brer les 200 ans de son corps de pompiers lors d\u2019un week-end exceptionnel, du 12 au 14 septembre 2025. Les comm\u00e9morations et animations se d\u00e9rouleront sur l\u2019esplanade et dans le centre-ville, offrant \u00e0 tous les publics une plong\u00e9e dans l\u2019histoire et les missions des sapeurs-pompiers.<\/p>\n\n\n\n<p>Durant trois jours, hommage, m\u00e9moire et convivialit\u00e9 seront au rendez-vous. Le vendredi 12 septembre ouvrira les festivit\u00e9s avec un congr\u00e8s international des secours, une journ\u00e9e d\u00e9di\u00e9e aux \u00e9coles et le traditionnel d\u00e9fil\u00e9 inaugural en centre-ville. La soir\u00e9e s\u2019animera dans une ambiance festive gr\u00e2ce au grand bal des pompiers, orchestr\u00e9 par des DJs et artistes locaux.<\/p>\n\n\n\n<p>Le samedi 13 septembre mettra l\u2019accent sur la convivialit\u00e9 et la d\u00e9couverte. Au programme\u202f: balade moto, balade gourmande \u00e0 travers la ville et repas festif. La soir\u00e9e sera marqu\u00e9e par le spectacle \u201cAth on Fire\u201d, la retraite aux flambeaux et le concert du groupe Poulycroc.<\/p>\n\n\n\n<p>Le point d\u2019orgue du bicentenaire aura lieu le dimanche 14 septembre. Apr\u00e8s un petit-d\u00e9jeuner et un d\u00e9jeuner anniversaire, une impressionnante concentration de v\u00e9hicules de secours et militaires envahira l\u2019esplanade. Concerts, animations musicales, et le grand d\u00e9fil\u00e9 des 200 ans rythmeront la journ\u00e9e avant un feu d\u2019artifice spectaculaire pour cl\u00f4turer ces festivit\u00e9s historiques.<\/p>\n\n\n\n<p>Toutes les g\u00e9n\u00e9rations sont attendues pour c\u00e9l\u00e9brer un jalon historique dans la vie de la cit\u00e9 et du corps des pompiers d\u2019Ath.<\/p>\n","protected":false},"excerpt":{"rendered":"<p>La caserne d\u2019Ath s\u2019appr\u00eate \u00e0 c\u00e9l\u00e9brer les 200 ans de son corps de pompiers lors d\u2019un week-end exceptionnel, du 12 au 14 septembre 2025. Les comm\u00e9morations et animations se d\u00e9rouleront sur l\u2019esplanade et dans le centre-ville, offrant \u00e0 tous les publics une plong\u00e9e dans l\u2019histoire et les missions des sapeurs-pompiers. Durant trois jours, hommage, m\u00e9moire [&hellip;]<\/p>\n","protected":false},"author":16,"featured_media":7951,"comment_status":"open","ping_status":"open","sticky":false,"template":"","format":"standard","meta":{"footnotes":""},"categories":[6],"tags":[],"class_list":["post-33144","post","type-post","status-publish","format-standard","has-post-thumbnail","hentry","category-infos"],"_links":{"self":[{"href":"https:\/\/hainaut.sudradio.net\/index.php?rest_route=\/wp\/v2\/posts\/33144","targetHints":{"allow":["GET"]}}],"collection":[{"href":"https:\/\/hainaut.sudradio.net\/index.php?rest_route=\/wp\/v2\/posts"}],"about":[{"href":"https:\/\/hainaut.sudradio.net\/index.php?rest_route=\/wp\/v2\/types\/post"}],"author":[{"embeddable":true,"href":"https:\/\/hainaut.sudradio.net\/index.php?rest_route=\/wp\/v2\/users\/16"}],"replies":[{"embeddable":true,"href":"https:\/\/hainaut.sudradio.net\/index.php?rest_route=%2Fwp%2Fv2%2Fcomments&post=33144"}],"version-history":[{"count":1,"href":"https:\/\/hainaut.sudradio.net\/index.php?rest_route=\/wp\/v2\/posts\/33144\/revisions"}],"predecessor-version":[{"id":33145,"href":"https:\/\/hainaut.sudradio.net\/index.php?rest_route=\/wp\/v2\/posts\/33144\/revisions\/33145"}],"wp:featuredmedia":[{"embeddable":true,"href":"https:\/\/hainaut.sudradio.net\/index.php?rest_route=\/wp\/v2\/media\/7951"}],"wp:attachment":[{"href":"https:\/\/hainaut.sudradio.net\/index.php?rest_route=%2Fwp%2Fv2%2Fmedia&parent=33144"}],"wp:term":[{"taxonomy":"category","embeddable":true,"href":"https:\/\/hainaut.sudradio.net\/index.php?rest_route=%2Fwp%2Fv2%2Fcategories&post=33144"},{"taxonomy":"post_tag","embeddable":true,"href":"https:\/\/hainaut.sudradio.net\/index.php?rest_route=%2Fwp%2Fv2%2Ftags&post=33144"}],"curies":[{"name":"wp","href":"https:\/\/api.w.org\/{rel}","templated":true}]}}