{"id":32705,"date":"2025-08-01T04:56:31","date_gmt":"2025-08-01T04:56:31","guid":{"rendered":"https:\/\/hainaut.sudradio.net\/?p=32705"},"modified":"2025-08-01T04:56:31","modified_gmt":"2025-08-01T04:56:31","slug":"le-cancer-du-poumon-est-encore-trop-meurtrier","status":"publish","type":"post","link":"https:\/\/hainaut.sudradio.net\/?p=32705","title":{"rendered":"Le cancer du poumon est encore trop meurtrier"},"content":{"rendered":"\n<p>La Fondation contre le cancer appelle aujourd&rsquo;hui \u00e0 un sursaut collectif face \u00e0 ce cancer du poumon encore trop meurtrier. Elle rappelle que cette maladie ne touche pas uniquement les fumeurs, et insiste sur l\u2019urgence de renforcer la recherche scientifique ainsi qu\u2019\u00e0 d\u00e9passer les id\u00e9es re\u00e7ues entourant cette pathologie. <\/p>\n\n\n\n<p>En Belgique, le cancer du poumon reste particuli\u00e8rement redoutable. Au total, 9.487 nouveaux cas ont \u00e9t\u00e9 recens\u00e9s en 2023. Il s\u2019agit du deuxi\u00e8me cancer le plus fr\u00e9quent chez les femmes (derri\u00e8re le cancer du sein) et \u00e9galement chez les hommes (apr\u00e8s le cancer de la prostate) En 2021, il a caus\u00e9 5.716 d\u00e9c\u00e8s dans le pays.<\/p>\n\n\n\n<p> (photo Pixabay)<\/p>\n","protected":false},"excerpt":{"rendered":"<p>La Fondation contre le cancer appelle aujourd&rsquo;hui \u00e0 un sursaut collectif face \u00e0 ce cancer du poumon encore trop meurtrier. Elle rappelle que cette maladie ne touche pas uniquement les fumeurs, et insiste sur l\u2019urgence de renforcer la recherche scientifique ainsi qu\u2019\u00e0 d\u00e9passer les id\u00e9es re\u00e7ues entourant cette pathologie. En Belgique, le cancer du poumon [&hellip;]<\/p>\n","protected":false},"author":12,"featured_media":32706,"comment_status":"open","ping_status":"open","sticky":false,"template":"","format":"standard","meta":{"footnotes":""},"categories":[6],"tags":[],"class_list":["post-32705","post","type-post","status-publish","format-standard","has-post-thumbnail","hentry","category-infos"],"_links":{"self":[{"href":"https:\/\/hainaut.sudradio.net\/index.php?rest_route=\/wp\/v2\/posts\/32705","targetHints":{"allow":["GET"]}}],"collection":[{"href":"https:\/\/hainaut.sudradio.net\/index.php?rest_route=\/wp\/v2\/posts"}],"about":[{"href":"https:\/\/hainaut.sudradio.net\/index.php?rest_route=\/wp\/v2\/types\/post"}],"author":[{"embeddable":true,"href":"https:\/\/hainaut.sudradio.net\/index.php?rest_route=\/wp\/v2\/users\/12"}],"replies":[{"embeddable":true,"href":"https:\/\/hainaut.sudradio.net\/index.php?rest_route=%2Fwp%2Fv2%2Fcomments&post=32705"}],"version-history":[{"count":1,"href":"https:\/\/hainaut.sudradio.net\/index.php?rest_route=\/wp\/v2\/posts\/32705\/revisions"}],"predecessor-version":[{"id":32707,"href":"https:\/\/hainaut.sudradio.net\/index.php?rest_route=\/wp\/v2\/posts\/32705\/revisions\/32707"}],"wp:featuredmedia":[{"embeddable":true,"href":"https:\/\/hainaut.sudradio.net\/index.php?rest_route=\/wp\/v2\/media\/32706"}],"wp:attachment":[{"href":"https:\/\/hainaut.sudradio.net\/index.php?rest_route=%2Fwp%2Fv2%2Fmedia&parent=32705"}],"wp:term":[{"taxonomy":"category","embeddable":true,"href":"https:\/\/hainaut.sudradio.net\/index.php?rest_route=%2Fwp%2Fv2%2Fcategories&post=32705"},{"taxonomy":"post_tag","embeddable":true,"href":"https:\/\/hainaut.sudradio.net\/index.php?rest_route=%2Fwp%2Fv2%2Ftags&post=32705"}],"curies":[{"name":"wp","href":"https:\/\/api.w.org\/{rel}","templated":true}]}}