{"id":32686,"date":"2025-07-31T09:31:40","date_gmt":"2025-07-31T09:31:40","guid":{"rendered":"https:\/\/hainaut.sudradio.net\/?p=32686"},"modified":"2025-07-31T09:31:40","modified_gmt":"2025-07-31T09:31:40","slug":"charleroi-des-perturbations-prevues-ce-weekend-et-le-weekend-prochain-sur-le-rail","status":"publish","type":"post","link":"https:\/\/hainaut.sudradio.net\/?p=32686","title":{"rendered":"CHARLEROI : des perturbations pr\u00e9vues ce weekend et le weekend prochain sur le rail"},"content":{"rendered":"\n<p>Une interruption du trafic ferroviaire est pr\u00e9vue entre Charleroi et Namur ce week-end, du samedi matin jusqu\u2019au dimanche \u00e0 17h00, ainsi que le dimanche 10 ao\u00fbt, de l\u2019aube jusqu\u2019\u00e0 15h00.<br>Le gestionnaire de l\u2019infrastructure, Infrabel, \u00e9voque des travaux de maintenance.<br>Les \u00e9quipes techniques proc\u00e9deront \u00e0 la r\u00e9vision de diff\u00e9rents composants de l\u2019infrastructure, notamment les rails et les aiguillages. Un entretien de la signalisation sera \u00e9galement r\u00e9alis\u00e9.<\/p>\n\n\n\n<p>Des alternatives de mobilit\u00e9 vous seront propos\u00e9es.<br>Ainsi, ce week-end, tous les trains IC \u00ab Mouscron \u2013 Namur \u2013 Liers \u00bb seront remplac\u00e9s par des bus SNCB directs entre Charleroi-Central et Tamines.<br>L\u2019heure de d\u00e9part de certains de ces trains sera adapt\u00e9e entre Mouscron et Tournai.<\/p>\n\n\n\n<p>Tous les trains S61 \u00ab Wavre \u2013 Charleroi-Central \u2013 Jambes \u00bb seront remplac\u00e9s par des bus SNCB avec arr\u00eats multiples entre Ch\u00e2telet et Tamines.<br>L\u2019heure de d\u00e9part de certains de ces trains S61 sera \u00e9galement adapt\u00e9e entre Fleurus et Tamines.<\/p>\n\n\n\n<p>Le dimanche 10 ao\u00fbt, tous les trains seront remplac\u00e9s par des bus SNCB entre Tamines et Namur.<\/p>\n","protected":false},"excerpt":{"rendered":"<p>Une interruption du trafic ferroviaire est pr\u00e9vue entre Charleroi et Namur ce week-end, du samedi matin jusqu\u2019au dimanche \u00e0 17h00, ainsi que le dimanche 10 ao\u00fbt, de l\u2019aube jusqu\u2019\u00e0 15h00.Le gestionnaire de l\u2019infrastructure, Infrabel, \u00e9voque des travaux de maintenance.Les \u00e9quipes techniques proc\u00e9deront \u00e0 la r\u00e9vision de diff\u00e9rents composants de l\u2019infrastructure, notamment les rails et les [&hellip;]<\/p>\n","protected":false},"author":16,"featured_media":18579,"comment_status":"open","ping_status":"open","sticky":false,"template":"","format":"standard","meta":{"footnotes":""},"categories":[6],"tags":[],"class_list":["post-32686","post","type-post","status-publish","format-standard","has-post-thumbnail","hentry","category-infos"],"_links":{"self":[{"href":"https:\/\/hainaut.sudradio.net\/index.php?rest_route=\/wp\/v2\/posts\/32686","targetHints":{"allow":["GET"]}}],"collection":[{"href":"https:\/\/hainaut.sudradio.net\/index.php?rest_route=\/wp\/v2\/posts"}],"about":[{"href":"https:\/\/hainaut.sudradio.net\/index.php?rest_route=\/wp\/v2\/types\/post"}],"author":[{"embeddable":true,"href":"https:\/\/hainaut.sudradio.net\/index.php?rest_route=\/wp\/v2\/users\/16"}],"replies":[{"embeddable":true,"href":"https:\/\/hainaut.sudradio.net\/index.php?rest_route=%2Fwp%2Fv2%2Fcomments&post=32686"}],"version-history":[{"count":1,"href":"https:\/\/hainaut.sudradio.net\/index.php?rest_route=\/wp\/v2\/posts\/32686\/revisions"}],"predecessor-version":[{"id":32687,"href":"https:\/\/hainaut.sudradio.net\/index.php?rest_route=\/wp\/v2\/posts\/32686\/revisions\/32687"}],"wp:featuredmedia":[{"embeddable":true,"href":"https:\/\/hainaut.sudradio.net\/index.php?rest_route=\/wp\/v2\/media\/18579"}],"wp:attachment":[{"href":"https:\/\/hainaut.sudradio.net\/index.php?rest_route=%2Fwp%2Fv2%2Fmedia&parent=32686"}],"wp:term":[{"taxonomy":"category","embeddable":true,"href":"https:\/\/hainaut.sudradio.net\/index.php?rest_route=%2Fwp%2Fv2%2Fcategories&post=32686"},{"taxonomy":"post_tag","embeddable":true,"href":"https:\/\/hainaut.sudradio.net\/index.php?rest_route=%2Fwp%2Fv2%2Ftags&post=32686"}],"curies":[{"name":"wp","href":"https:\/\/api.w.org\/{rel}","templated":true}]}}