{"id":23299,"date":"2024-04-25T11:53:24","date_gmt":"2024-04-25T11:53:24","guid":{"rendered":"https:\/\/hainaut.sudradio.net\/?p=23299"},"modified":"2024-04-25T11:53:24","modified_gmt":"2024-04-25T11:53:24","slug":"st-ghislain-12eme-edition-du-semi-marathon-de-lourse-ce-5-mai","status":"publish","type":"post","link":"https:\/\/hainaut.sudradio.net\/?p=23299","title":{"rendered":"St Ghislain : 12\u00e8me \u00e9dition du Semi-Marathon de l\u2019Ourse ce 5 mai"},"content":{"rendered":"\n<p>Venez vibrer ce dimanche 5 mai au semi-marathon de l\u2019Ourse \u00e0 St Ghislain avec Sud Radio. Une nouvelle \u00e9dition qui promet d&rsquo;\u00eatre grandiose avec des distances adapt\u00e9es \u00e0 tous les niveaux de coureurs et de marcheur<strong>.<\/strong> Tous sur la ligne de d\u00e9part \u00e0 10h pour les 5,10 km et le semi-marathon.\u00a0Les parcours sont homologu\u00e9s par la f\u00e9d\u00e9ration belge d&rsquo;athl\u00e9tisme. Les b\u00e9n\u00e9fices seront vers\u00e9s \u00e0 la recherche contre le cancer dans le cadre du T\u00e9l\u00e9vie. <\/p>\n\n\n\n<p>Et pour plus d\u2019ambiance, le samedi 4 mai d\u00e8s 16h inscriptions et retraits des dossards au \u00ab\u00a0septem\u00a0\u00bb \u00e0 St Ghislain suivi d\u2019une \u00ab\u00a0pasta party\u00a0\u00bb et de concerts. Tombola \u00e0 l\u2019arriv\u00e9e avec de nombreux lots. Donato Di Ttazio au micro de Geoffrey Ghilmot.<\/p>\n\n\n\n<figure class=\"wp-block-audio\"><audio controls src=\"https:\/\/hainaut.sudradio.net\/wp-content\/uploads\/2024\/04\/2024-04-25-semiours.wav\"><\/audio><\/figure>\n\n\n\n<p>Inscriptions :<br>\u2022 En ligne sur <a href=\"https:\/\/www.semidelourse.be\/\">https:\/\/www.semidelourse.be\/<\/a> jusqu\u2019au 3 Mai<br>\u2022 Le 27 avril 2024: De 10h \u00e0 16h chez D\u00e9cathlon (zoning de Cuesmes).<\/p>\n\n\n\n<figure class=\"wp-block-image size-large\"><img loading=\"lazy\" decoding=\"async\" width=\"1024\" height=\"576\" src=\"https:\/\/hainaut.sudradio.net\/wp-content\/uploads\/2024\/04\/399573602_733146242176019_8468526976313847705_n-1024x576.jpg\" alt=\"\" class=\"wp-image-23301\" srcset=\"https:\/\/hainaut.sudradio.net\/wp-content\/uploads\/2024\/04\/399573602_733146242176019_8468526976313847705_n-1024x576.jpg 1024w, https:\/\/hainaut.sudradio.net\/wp-content\/uploads\/2024\/04\/399573602_733146242176019_8468526976313847705_n-300x169.jpg 300w, https:\/\/hainaut.sudradio.net\/wp-content\/uploads\/2024\/04\/399573602_733146242176019_8468526976313847705_n-768x432.jpg 768w, https:\/\/hainaut.sudradio.net\/wp-content\/uploads\/2024\/04\/399573602_733146242176019_8468526976313847705_n-1536x864.jpg 1536w, https:\/\/hainaut.sudradio.net\/wp-content\/uploads\/2024\/04\/399573602_733146242176019_8468526976313847705_n.jpg 2048w\" sizes=\"auto, (max-width: 1024px) 100vw, 1024px\" \/><\/figure>\n\n\n\n<p><\/p>\n","protected":false},"excerpt":{"rendered":"<p>Venez vibrer ce dimanche 5 mai au semi-marathon de l\u2019Ourse \u00e0 St Ghislain avec Sud Radio. Une nouvelle \u00e9dition qui promet d&rsquo;\u00eatre grandiose avec des distances adapt\u00e9es \u00e0 tous les niveaux de coureurs et de marcheur. Tous sur la ligne de d\u00e9part \u00e0 10h pour les 5,10 km et le semi-marathon.\u00a0Les parcours sont homologu\u00e9s par [&hellip;]<\/p>\n","protected":false},"author":4,"featured_media":22208,"comment_status":"open","ping_status":"open","sticky":false,"template":"","format":"standard","meta":{"footnotes":""},"categories":[6],"tags":[],"class_list":["post-23299","post","type-post","status-publish","format-standard","has-post-thumbnail","hentry","category-infos"],"_links":{"self":[{"href":"https:\/\/hainaut.sudradio.net\/index.php?rest_route=\/wp\/v2\/posts\/23299","targetHints":{"allow":["GET"]}}],"collection":[{"href":"https:\/\/hainaut.sudradio.net\/index.php?rest_route=\/wp\/v2\/posts"}],"about":[{"href":"https:\/\/hainaut.sudradio.net\/index.php?rest_route=\/wp\/v2\/types\/post"}],"author":[{"embeddable":true,"href":"https:\/\/hainaut.sudradio.net\/index.php?rest_route=\/wp\/v2\/users\/4"}],"replies":[{"embeddable":true,"href":"https:\/\/hainaut.sudradio.net\/index.php?rest_route=%2Fwp%2Fv2%2Fcomments&post=23299"}],"version-history":[{"count":1,"href":"https:\/\/hainaut.sudradio.net\/index.php?rest_route=\/wp\/v2\/posts\/23299\/revisions"}],"predecessor-version":[{"id":23302,"href":"https:\/\/hainaut.sudradio.net\/index.php?rest_route=\/wp\/v2\/posts\/23299\/revisions\/23302"}],"wp:featuredmedia":[{"embeddable":true,"href":"https:\/\/hainaut.sudradio.net\/index.php?rest_route=\/wp\/v2\/media\/22208"}],"wp:attachment":[{"href":"https:\/\/hainaut.sudradio.net\/index.php?rest_route=%2Fwp%2Fv2%2Fmedia&parent=23299"}],"wp:term":[{"taxonomy":"category","embeddable":true,"href":"https:\/\/hainaut.sudradio.net\/index.php?rest_route=%2Fwp%2Fv2%2Fcategories&post=23299"},{"taxonomy":"post_tag","embeddable":true,"href":"https:\/\/hainaut.sudradio.net\/index.php?rest_route=%2Fwp%2Fv2%2Ftags&post=23299"}],"curies":[{"name":"wp","href":"https:\/\/api.w.org\/{rel}","templated":true}]}}