{"id":20205,"date":"2023-11-09T15:33:15","date_gmt":"2023-11-09T15:33:15","guid":{"rendered":"https:\/\/hainaut.sudradio.net\/?p=20205"},"modified":"2023-11-09T15:33:43","modified_gmt":"2023-11-09T15:33:43","slug":"mons-10e-edition-de-la-journee-de-larbre-et-des-saveurs-locales","status":"publish","type":"post","link":"https:\/\/hainaut.sudradio.net\/?p=20205","title":{"rendered":"Mons : 10e \u00e9dition de la Journ\u00e9e de l&rsquo;Arbre et des Saveurs locales"},"content":{"rendered":"\n<p>Cette ann\u00e9e marque la 10<sup>e<\/sup> \u00e9dition de la Journ\u00e9e de l\u2019Arbre et des Saveurs locales mais aussi les 20 ans de Hainaut D\u00e9veloppement. Pour f\u00eater ce double anniversaire, le programme s\u2019est encore \u00e9toff\u00e9 et de nombreuses activit\u00e9s seront propos\u00e9es aux petits et aux grands, le dimanche 26 novembre, de 10h \u00e0 17h.<\/p>\n\n\n\n<p>Programm\u00e9 fin novembre, moment id\u00e9al pour la plantation, cet \u00e9v\u00e9nement sera l\u2019occasion de proc\u00e9der \u00e0 la traditionnelle distribution d\u2019arbres mais aussi de mettre en \u00e9vidence le savoir-faire de plusieurs producteurs hainuyers.<\/p>\n\n\n\n<p>L\u2019action des arbres en faveur de la biodiversit\u00e9 n\u2019est plus \u00e0 d\u00e9montrer et l\u2019ensemble des citoyens peuvent y contribuer, \u00e0 leur \u00e9chelle. C\u2019est dans cet objectif que la Wallonie organise, d\u2019ailleurs, chaque ann\u00e9e, la Semaine de l\u2019Arbre en mettant \u00e0 l\u2019honneur une ou plusieurs esp\u00e8ces indig\u00e8nes.<\/p>\n\n\n\n<p>Pour cette \u00e9dition, c\u2019est \u00e0 nouveau la haie, pour ses propri\u00e9t\u00e9s anti-\u00e9rosives, qui sera mise \u00e0 l\u2019honneur. Le charme, le noisetier pourpre et le cornouiller mas sont les essences s\u00e9lectionn\u00e9es par l\u2019\u00e9quipe Patrimoine arbor\u00e9 de Hainaut D\u00e9veloppement qui fournira aux visiteurs les conseils de plantation et de taille n\u00e9cessaires. A cela s\u2019ajouteront 2 petits fruitiers: le framboisier et le groseillier \u00e0 maquereau. Chaque visiteur pourra repartir avec un plant d&rsquo;arbre ou arbuste de son choix parmi les 2 000 plants disponibles.<\/p>\n\n\n\n<figure class=\"wp-block-image size-large is-resized\"><img loading=\"lazy\" decoding=\"async\" src=\"https:\/\/hainaut.sudradio.net\/wp-content\/uploads\/2021\/11\/Distrib-arbres-683x1024.jpg\" alt=\"\" class=\"wp-image-9568\" width=\"421\" height=\"631\" srcset=\"https:\/\/hainaut.sudradio.net\/wp-content\/uploads\/2021\/11\/Distrib-arbres-683x1024.jpg 683w, https:\/\/hainaut.sudradio.net\/wp-content\/uploads\/2021\/11\/Distrib-arbres-200x300.jpg 200w, https:\/\/hainaut.sudradio.net\/wp-content\/uploads\/2021\/11\/Distrib-arbres-768x1152.jpg 768w, https:\/\/hainaut.sudradio.net\/wp-content\/uploads\/2021\/11\/Distrib-arbres-1024x1536.jpg 1024w, https:\/\/hainaut.sudradio.net\/wp-content\/uploads\/2021\/11\/Distrib-arbres-1365x2048.jpg 1365w, https:\/\/hainaut.sudradio.net\/wp-content\/uploads\/2021\/11\/Distrib-arbres-scaled.jpg 1707w\" sizes=\"auto, (max-width: 421px) 100vw, 421px\" \/><\/figure>\n\n\n\n<p><strong>A c\u00f4t\u00e9 de cette traditionnelle distribution gratuite de plants d\u2019arbres\/arbustes, de nombreuses activit\u00e9s sont programm\u00e9es<\/strong>: march\u00e9 couvert avec 20 producteurs locaux (l\u00e9gumes, fromages, produits laitiers, salaisons, escargots, biscuits, p\u00e2tisseries, confitures, miel, safran, gin, bi\u00e8res,\u2026), ateliers pour enfants, animation p\u00e9dagogique sur les insectes, exp\u00e9rience \u00e0 360\u00b0 avec casque de r\u00e9alit\u00e9 virtuelle (2 th\u00e8mes: le m\u00e9tier d&rsquo;agriculteur et la fabrication du fromage), sensibilisation \u00e0 l&rsquo;alimentation durable, espace d&rsquo;information sur l&rsquo;Europe avec, notamment, une animation sur le compostage, activit\u00e9s ludiques et sportives, bar et petite restauration,\u2026 ainsi que des concours, des d\u00e9gustations et des animations en tous genres.<\/p>\n\n\n\n<p>Retrouvez le programme d\u00e9taill\u00e9 sur <a href=\"https:\/\/www.hainaut-developpement.be\/jda2023\">https:\/\/www.hainaut-developpement.be\/jda2023<\/a> ou <a href=\"https:\/\/www.facebook.com\/events\/714604529997182\">https:\/\/www.facebook.com\/events\/714604529997182<\/a><\/p>\n\n\n\n<p>Rendez-vous le dimanche 26 novembre entre 10h et 17h. <\/p>\n","protected":false},"excerpt":{"rendered":"<p>Cette ann\u00e9e marque la 10e \u00e9dition de la Journ\u00e9e de l\u2019Arbre et des Saveurs locales mais aussi les 20 ans de Hainaut D\u00e9veloppement. Pour f\u00eater ce double anniversaire, le programme s\u2019est encore \u00e9toff\u00e9 et de nombreuses activit\u00e9s seront propos\u00e9es aux petits et aux grands, le dimanche 26 novembre, de 10h \u00e0 17h. Programm\u00e9 fin novembre, [&hellip;]<\/p>\n","protected":false},"author":4,"featured_media":9429,"comment_status":"open","ping_status":"open","sticky":false,"template":"","format":"standard","meta":{"footnotes":""},"categories":[6],"tags":[],"class_list":["post-20205","post","type-post","status-publish","format-standard","has-post-thumbnail","hentry","category-infos"],"_links":{"self":[{"href":"https:\/\/hainaut.sudradio.net\/index.php?rest_route=\/wp\/v2\/posts\/20205","targetHints":{"allow":["GET"]}}],"collection":[{"href":"https:\/\/hainaut.sudradio.net\/index.php?rest_route=\/wp\/v2\/posts"}],"about":[{"href":"https:\/\/hainaut.sudradio.net\/index.php?rest_route=\/wp\/v2\/types\/post"}],"author":[{"embeddable":true,"href":"https:\/\/hainaut.sudradio.net\/index.php?rest_route=\/wp\/v2\/users\/4"}],"replies":[{"embeddable":true,"href":"https:\/\/hainaut.sudradio.net\/index.php?rest_route=%2Fwp%2Fv2%2Fcomments&post=20205"}],"version-history":[{"count":1,"href":"https:\/\/hainaut.sudradio.net\/index.php?rest_route=\/wp\/v2\/posts\/20205\/revisions"}],"predecessor-version":[{"id":20206,"href":"https:\/\/hainaut.sudradio.net\/index.php?rest_route=\/wp\/v2\/posts\/20205\/revisions\/20206"}],"wp:featuredmedia":[{"embeddable":true,"href":"https:\/\/hainaut.sudradio.net\/index.php?rest_route=\/wp\/v2\/media\/9429"}],"wp:attachment":[{"href":"https:\/\/hainaut.sudradio.net\/index.php?rest_route=%2Fwp%2Fv2%2Fmedia&parent=20205"}],"wp:term":[{"taxonomy":"category","embeddable":true,"href":"https:\/\/hainaut.sudradio.net\/index.php?rest_route=%2Fwp%2Fv2%2Fcategories&post=20205"},{"taxonomy":"post_tag","embeddable":true,"href":"https:\/\/hainaut.sudradio.net\/index.php?rest_route=%2Fwp%2Fv2%2Ftags&post=20205"}],"curies":[{"name":"wp","href":"https:\/\/api.w.org\/{rel}","templated":true}]}}