{"id":20026,"date":"2023-10-29T13:52:00","date_gmt":"2023-10-29T13:52:00","guid":{"rendered":"https:\/\/hainaut.sudradio.net\/?p=20026"},"modified":"2023-10-27T14:19:11","modified_gmt":"2023-10-27T14:19:11","slug":"zidani-dans-la-belgique-a-du-talent","status":"publish","type":"post","link":"https:\/\/hainaut.sudradio.net\/?p=20026","title":{"rendered":"Zidani dans la Belgique a du talent"},"content":{"rendered":"\n<p>Cette semaine dans la Belgique a du talent, Maryline re\u00e7oit l\u2019humoriste Zidani pour ses 30 ans de carri\u00e8re&nbsp;!<\/p>\n\n\n\n<p>L&rsquo;occasion de revenir sur cette carri\u00e8re et sur les diff\u00e9rents \u00e9l\u00e9ments de la 30\u00e8me ann\u00e9e de carri\u00e8re de Zidani : <\/p>\n\n\n\n<ul class=\"wp-block-list\"><li>Une soir\u00e9e sp\u00e9ciale et une version unique de Mamie Georgette au th\u00e9\u00e2tre des Galeries a\u0300 Bruxelles le 16 novembre 2023 \u00e0 20h15<\/li><li>Une reprise de son spectacle \u00ab\u00a0Retour en Alg\u00e9rie\u00a0\u00bb au Th\u00e9\u00e2tre Royal de Mons le 3 d\u00e9cembre 2023<\/li><li>Et bien d&rsquo;autres encore .. <\/li><\/ul>\n\n\n\n<p>Zidani dans la Belgique a du talent, c&rsquo;est cette semaine sur Sud Radio et nulle part ailleurs ! <\/p>\n\n\n\n<figure class=\"wp-block-video\"><video controls src=\"https:\/\/hainaut.sudradio.net\/wp-content\/uploads\/2023\/10\/Zidani-BT-V_FB.mp4\"><\/video><\/figure>\n","protected":false},"excerpt":{"rendered":"<p>Cette semaine dans la Belgique a du talent, Maryline re\u00e7oit l\u2019humoriste Zidani pour ses 30 ans de carri\u00e8re&nbsp;! L&rsquo;occasion de revenir sur cette carri\u00e8re et sur les diff\u00e9rents \u00e9l\u00e9ments de la 30\u00e8me ann\u00e9e de carri\u00e8re de Zidani : Une soir\u00e9e sp\u00e9ciale et une version unique de Mamie Georgette au th\u00e9\u00e2tre des Galeries a\u0300 Bruxelles le [&hellip;]<\/p>\n","protected":false},"author":16,"featured_media":20017,"comment_status":"open","ping_status":"open","sticky":false,"template":"","format":"standard","meta":{"footnotes":""},"categories":[8],"tags":[],"class_list":["post-20026","post","type-post","status-publish","format-standard","has-post-thumbnail","hentry","category-infos-de-la-radio"],"_links":{"self":[{"href":"https:\/\/hainaut.sudradio.net\/index.php?rest_route=\/wp\/v2\/posts\/20026","targetHints":{"allow":["GET"]}}],"collection":[{"href":"https:\/\/hainaut.sudradio.net\/index.php?rest_route=\/wp\/v2\/posts"}],"about":[{"href":"https:\/\/hainaut.sudradio.net\/index.php?rest_route=\/wp\/v2\/types\/post"}],"author":[{"embeddable":true,"href":"https:\/\/hainaut.sudradio.net\/index.php?rest_route=\/wp\/v2\/users\/16"}],"replies":[{"embeddable":true,"href":"https:\/\/hainaut.sudradio.net\/index.php?rest_route=%2Fwp%2Fv2%2Fcomments&post=20026"}],"version-history":[{"count":2,"href":"https:\/\/hainaut.sudradio.net\/index.php?rest_route=\/wp\/v2\/posts\/20026\/revisions"}],"predecessor-version":[{"id":20034,"href":"https:\/\/hainaut.sudradio.net\/index.php?rest_route=\/wp\/v2\/posts\/20026\/revisions\/20034"}],"wp:featuredmedia":[{"embeddable":true,"href":"https:\/\/hainaut.sudradio.net\/index.php?rest_route=\/wp\/v2\/media\/20017"}],"wp:attachment":[{"href":"https:\/\/hainaut.sudradio.net\/index.php?rest_route=%2Fwp%2Fv2%2Fmedia&parent=20026"}],"wp:term":[{"taxonomy":"category","embeddable":true,"href":"https:\/\/hainaut.sudradio.net\/index.php?rest_route=%2Fwp%2Fv2%2Fcategories&post=20026"},{"taxonomy":"post_tag","embeddable":true,"href":"https:\/\/hainaut.sudradio.net\/index.php?rest_route=%2Fwp%2Fv2%2Ftags&post=20026"}],"curies":[{"name":"wp","href":"https:\/\/api.w.org\/{rel}","templated":true}]}}