{"id":19569,"date":"2023-09-28T08:59:13","date_gmt":"2023-09-28T08:59:13","guid":{"rendered":"https:\/\/hainaut.sudradio.net\/?p=19569"},"modified":"2023-09-28T08:59:13","modified_gmt":"2023-09-28T08:59:13","slug":"mons-lart-habille-la-ville","status":"publish","type":"post","link":"https:\/\/hainaut.sudradio.net\/?p=19569","title":{"rendered":"Mons : l\u2019art habille la ville"},"content":{"rendered":"\n<p>Jusqu\u2019au 6 octobre, la Biennale de Mons le premier Festival des Cultures Urbaines.<\/p>\n\n\n\n<p>Au programme : un parcours de fresques r\u00e9alis\u00e9es par des artistes du monde entier, des installations et sculptures monumentales, des performances musicales f\u00e9d\u00e9ratrices ou encore des expositions et ateliers accessibles \u00e0 tous les publics.<\/p>\n\n\n\n<p>A ne pas rater au centre-ville, \u00e0 deux pas des studios de Sud Radio, une fresque monumentale qui a pris forme dans une rue en escaliers ( son nom\u00a0: la rue \u00e0 degr\u00e9s) et revisit\u00e9e par les membres de Nevercrew : Christian Rebecchi et Pablo Togni.<\/p>\n\n\n\n<figure class=\"wp-block-image size-large\"><img loading=\"lazy\" decoding=\"async\" width=\"1024\" height=\"577\" src=\"https:\/\/hainaut.sudradio.net\/wp-content\/uploads\/2023\/09\/384394610_1313517309272426_8372023912028037691_n-1024x577.jpg\" alt=\"\" class=\"wp-image-19571\" srcset=\"https:\/\/hainaut.sudradio.net\/wp-content\/uploads\/2023\/09\/384394610_1313517309272426_8372023912028037691_n-1024x577.jpg 1024w, https:\/\/hainaut.sudradio.net\/wp-content\/uploads\/2023\/09\/384394610_1313517309272426_8372023912028037691_n-300x169.jpg 300w, https:\/\/hainaut.sudradio.net\/wp-content\/uploads\/2023\/09\/384394610_1313517309272426_8372023912028037691_n-768x432.jpg 768w, https:\/\/hainaut.sudradio.net\/wp-content\/uploads\/2023\/09\/384394610_1313517309272426_8372023912028037691_n-1536x865.jpg 1536w, https:\/\/hainaut.sudradio.net\/wp-content\/uploads\/2023\/09\/384394610_1313517309272426_8372023912028037691_n.jpg 2048w\" sizes=\"auto, (max-width: 1024px) 100vw, 1024px\" \/><\/figure>\n\n\n\n<p>Leur travail se caract\u00e9rise par une \u0153uvre grandiose qui aborde le th\u00e8me de l\u2019environnement ( une baleine g\u00e9ante face \u00e0 l\u2019homme qui d\u00e9truit son espace de vie, la mer). Christian Rebecchi au micro de Geoffrey Ghilmot&nbsp;<\/p>\n\n\n\n<figure class=\"wp-block-audio\"><audio controls src=\"https:\/\/hainaut.sudradio.net\/wp-content\/uploads\/2023\/09\/2023-09-27-peintre1_1.wav\"><\/audio><\/figure>\n\n\n\n<p>Une premi\u00e8re en Belgique pour les artistes<\/p>\n\n\n\n<figure class=\"wp-block-audio\"><audio controls src=\"https:\/\/hainaut.sudradio.net\/wp-content\/uploads\/2023\/09\/2023-09-27-peintre2.wav\"><\/audio><\/figure>\n\n\n\n<p>D\u00e9couvrez la ville comme vous ne l\u2019avez jamais vue et laissez-vous surprendre&#8230; \u00c0 Mons et dans ses villages, l\u2019art est partout. <a href=\"https:\/\/www.visitmons.be\/agenda\/biennale-d-art-et-de-culture-de-mons\/festival-des-cultures-urbaines\">https:\/\/www.visitmons.be\/agenda\/biennale-d-art-et-de-culture-de-mons\/festival-des-cultures-urbaines<\/a><\/p>\n","protected":false},"excerpt":{"rendered":"<p>Jusqu\u2019au 6 octobre, la Biennale de Mons le premier Festival des Cultures Urbaines. Au programme : un parcours de fresques r\u00e9alis\u00e9es par des artistes du monde entier, des installations et sculptures monumentales, des performances musicales f\u00e9d\u00e9ratrices ou encore des expositions et ateliers accessibles \u00e0 tous les publics. A ne pas rater au centre-ville, \u00e0 deux [&hellip;]<\/p>\n","protected":false},"author":4,"featured_media":19570,"comment_status":"open","ping_status":"open","sticky":false,"template":"","format":"standard","meta":{"footnotes":""},"categories":[6],"tags":[],"class_list":["post-19569","post","type-post","status-publish","format-standard","has-post-thumbnail","hentry","category-infos"],"_links":{"self":[{"href":"https:\/\/hainaut.sudradio.net\/index.php?rest_route=\/wp\/v2\/posts\/19569","targetHints":{"allow":["GET"]}}],"collection":[{"href":"https:\/\/hainaut.sudradio.net\/index.php?rest_route=\/wp\/v2\/posts"}],"about":[{"href":"https:\/\/hainaut.sudradio.net\/index.php?rest_route=\/wp\/v2\/types\/post"}],"author":[{"embeddable":true,"href":"https:\/\/hainaut.sudradio.net\/index.php?rest_route=\/wp\/v2\/users\/4"}],"replies":[{"embeddable":true,"href":"https:\/\/hainaut.sudradio.net\/index.php?rest_route=%2Fwp%2Fv2%2Fcomments&post=19569"}],"version-history":[{"count":1,"href":"https:\/\/hainaut.sudradio.net\/index.php?rest_route=\/wp\/v2\/posts\/19569\/revisions"}],"predecessor-version":[{"id":19574,"href":"https:\/\/hainaut.sudradio.net\/index.php?rest_route=\/wp\/v2\/posts\/19569\/revisions\/19574"}],"wp:featuredmedia":[{"embeddable":true,"href":"https:\/\/hainaut.sudradio.net\/index.php?rest_route=\/wp\/v2\/media\/19570"}],"wp:attachment":[{"href":"https:\/\/hainaut.sudradio.net\/index.php?rest_route=%2Fwp%2Fv2%2Fmedia&parent=19569"}],"wp:term":[{"taxonomy":"category","embeddable":true,"href":"https:\/\/hainaut.sudradio.net\/index.php?rest_route=%2Fwp%2Fv2%2Fcategories&post=19569"},{"taxonomy":"post_tag","embeddable":true,"href":"https:\/\/hainaut.sudradio.net\/index.php?rest_route=%2Fwp%2Fv2%2Ftags&post=19569"}],"curies":[{"name":"wp","href":"https:\/\/api.w.org\/{rel}","templated":true}]}}