{"id":17912,"date":"2023-05-27T07:30:00","date_gmt":"2023-05-27T07:30:00","guid":{"rendered":"https:\/\/hainaut.sudradio.net\/?p=17912"},"modified":"2023-05-26T15:02:00","modified_gmt":"2023-05-26T15:02:00","slug":"vincent-niclo-invite-du-croissant-show","status":"publish","type":"post","link":"https:\/\/hainaut.sudradio.net\/?p=17912","title":{"rendered":"Vincent Niclo invit\u00e9 du Croissant Show"},"content":{"rendered":"\n<p>Du lundi au jeudi, retrouvez Pablo et ses chroniqueurs de 7h \u00e0 9h. Et chaque vendredi, place aux invit\u00e9s du Croissant Show.<\/p>\n\n\n\n<p>Cette semaine, Pablo re\u00e7oit <strong>Vincent Niclo<\/strong> ! <\/p>\n\n\n\n<p>Apr\u00e8s plus d&rsquo;un million et demi d&rsquo;albums vendus, le t\u00e9nor Vincent Niclo est de retour avec \u00ab\u00a0Op\u00e9ra Celte\u00a0\u00bb, un nouvel opus reprenant les chansons traditionnelles et l\u00e9gendaires de la musique celtique.<\/p>\n\n\n\n<p>Le Croissant Show de Vincent Niclo, c&rsquo;est ce vendredi 02 juin, sur Sud Radio et nulle part ailleurs ! <\/p>\n\n\n\n<figure class=\"wp-block-video\"><video controls src=\"https:\/\/hainaut.sudradio.net\/wp-content\/uploads\/2023\/05\/Vincent-Niclo-Post.mp4\"><\/video><\/figure>\n\n\n\n<p><\/p>\n","protected":false},"excerpt":{"rendered":"<p>Du lundi au jeudi, retrouvez Pablo et ses chroniqueurs de 7h \u00e0 9h. Et chaque vendredi, place aux invit\u00e9s du Croissant Show. Cette semaine, Pablo re\u00e7oit Vincent Niclo ! Apr\u00e8s plus d&rsquo;un million et demi d&rsquo;albums vendus, le t\u00e9nor Vincent Niclo est de retour avec \u00ab\u00a0Op\u00e9ra Celte\u00a0\u00bb, un nouvel opus reprenant les chansons traditionnelles et [&hellip;]<\/p>\n","protected":false},"author":16,"featured_media":17911,"comment_status":"open","ping_status":"open","sticky":false,"template":"","format":"standard","meta":{"footnotes":""},"categories":[8],"tags":[],"class_list":["post-17912","post","type-post","status-publish","format-standard","has-post-thumbnail","hentry","category-infos-de-la-radio"],"_links":{"self":[{"href":"https:\/\/hainaut.sudradio.net\/index.php?rest_route=\/wp\/v2\/posts\/17912","targetHints":{"allow":["GET"]}}],"collection":[{"href":"https:\/\/hainaut.sudradio.net\/index.php?rest_route=\/wp\/v2\/posts"}],"about":[{"href":"https:\/\/hainaut.sudradio.net\/index.php?rest_route=\/wp\/v2\/types\/post"}],"author":[{"embeddable":true,"href":"https:\/\/hainaut.sudradio.net\/index.php?rest_route=\/wp\/v2\/users\/16"}],"replies":[{"embeddable":true,"href":"https:\/\/hainaut.sudradio.net\/index.php?rest_route=%2Fwp%2Fv2%2Fcomments&post=17912"}],"version-history":[{"count":1,"href":"https:\/\/hainaut.sudradio.net\/index.php?rest_route=\/wp\/v2\/posts\/17912\/revisions"}],"predecessor-version":[{"id":17914,"href":"https:\/\/hainaut.sudradio.net\/index.php?rest_route=\/wp\/v2\/posts\/17912\/revisions\/17914"}],"wp:featuredmedia":[{"embeddable":true,"href":"https:\/\/hainaut.sudradio.net\/index.php?rest_route=\/wp\/v2\/media\/17911"}],"wp:attachment":[{"href":"https:\/\/hainaut.sudradio.net\/index.php?rest_route=%2Fwp%2Fv2%2Fmedia&parent=17912"}],"wp:term":[{"taxonomy":"category","embeddable":true,"href":"https:\/\/hainaut.sudradio.net\/index.php?rest_route=%2Fwp%2Fv2%2Fcategories&post=17912"},{"taxonomy":"post_tag","embeddable":true,"href":"https:\/\/hainaut.sudradio.net\/index.php?rest_route=%2Fwp%2Fv2%2Ftags&post=17912"}],"curies":[{"name":"wp","href":"https:\/\/api.w.org\/{rel}","templated":true}]}}