{"id":17281,"date":"2023-04-05T15:28:39","date_gmt":"2023-04-05T15:28:39","guid":{"rendered":"https:\/\/hainaut.sudradio.net\/?p=17281"},"modified":"2023-04-05T15:31:07","modified_gmt":"2023-04-05T15:31:07","slug":"rendez-vous-en-terre-agricole-revient-avec-une-3eme-edition-en-mai-2023","status":"publish","type":"post","link":"https:\/\/hainaut.sudradio.net\/?p=17281","title":{"rendered":"\u00ab\u00a0Rendez-vous en terre agricole\u00a0\u00bb revient avec une 3\u00e8me \u00e9dition en mai 2023"},"content":{"rendered":"\n<p>Partez \u00e0 la d\u00e9couverte des agriculteurs hainuyers et de leur savoir-faire du 1er au 31 mai 2023 \u00e0 l&rsquo;occasion de cette nouvelle \u00e9dition de \u00ab\u00a0Rendez-vous en terre agricole\u00a0\u00bb.<\/p>\n\n\n\n<p>Plus de 30 activit\u00e9s \u00e0 travers le Hainaut \u00e0 destination du grand public sont organis\u00e9es : projections de films documentaires, visites \u00e0 la ferme, d\u00e9gustations, pi\u00e8ces de th\u00e9\u00e2tre, balades \u00e0 v\u00e9lo, march\u00e9s des producteurs locaux, activit\u00e9s pour enfant, cin\u00e9-d\u00e9bats, et bien plus. <\/p>\n\n\n\n<p>Les acteurs du secteur agricole sont \u00e0 l&rsquo;origine de l\u2019initiative, qui a pour ambition de rapprocher citoyens et travailleurs.<br>Genevi\u00e8ve Maistriau, responsable du service agriculture \u00e0 Hainaut D\u00e9veloppement :<\/p>\n\n\n\n<figure class=\"wp-block-audio\"><audio controls src=\"https:\/\/hainaut.sudradio.net\/wp-content\/uploads\/2023\/04\/2023-04-05-agricole2.wav\"><\/audio><\/figure>\n\n\n\n<figure class=\"wp-block-image size-large\"><img loading=\"lazy\" decoding=\"async\" width=\"414\" height=\"272\" src=\"https:\/\/hainaut.sudradio.net\/wp-content\/uploads\/2023\/04\/7.png\" alt=\"\" class=\"wp-image-17288\" srcset=\"https:\/\/hainaut.sudradio.net\/wp-content\/uploads\/2023\/04\/7.png 414w, https:\/\/hainaut.sudradio.net\/wp-content\/uploads\/2023\/04\/7-300x197.png 300w\" sizes=\"auto, (max-width: 414px) 100vw, 414px\" \/><\/figure>\n\n\n\n<p>Envie de profiter d\u2019un moment dans la premi\u00e8re micro-brasserie belge ? Alors, rendez-vous le 7 mai \u00e0 la Brasserie de l\u2019Abbaye des Rocs pour de nombreuses activit\u00e9s. Que pourra-t-on y d\u00e9couvrir ? Camille Lefebvre, directrice du Parc naturel des Hauts-Pays.<\/p>\n\n\n\n<figure class=\"wp-block-audio\"><audio controls src=\"https:\/\/hainaut.sudradio.net\/wp-content\/uploads\/2023\/04\/2023-04-05-agricole6-1.wav\"><\/audio><\/figure>\n\n\n\n<p>Plus d&rsquo;informations sur <a href=\"http:\/\/www.hainaut-d\u00e9veloppement.be\" data-type=\"URL\" data-id=\"www.hainaut-d\u00e9veloppement.be\">www.hainaut-d\u00e9veloppement.be<\/a><\/p>\n\n\n\n<p>Clara Mariscal<\/p>\n","protected":false},"excerpt":{"rendered":"<p>Partez \u00e0 la d\u00e9couverte des agriculteurs hainuyers et de leur savoir-faire du 1er au 31 mai 2023 \u00e0 l&rsquo;occasion de cette nouvelle \u00e9dition de \u00ab\u00a0Rendez-vous en terre agricole\u00a0\u00bb. Plus de 30 activit\u00e9s \u00e0 travers le Hainaut \u00e0 destination du grand public sont organis\u00e9es : projections de films documentaires, visites \u00e0 la ferme, d\u00e9gustations, pi\u00e8ces de [&hellip;]<\/p>\n","protected":false},"author":4,"featured_media":17282,"comment_status":"open","ping_status":"open","sticky":false,"template":"","format":"standard","meta":{"footnotes":""},"categories":[6],"tags":[],"class_list":["post-17281","post","type-post","status-publish","format-standard","has-post-thumbnail","hentry","category-infos"],"_links":{"self":[{"href":"https:\/\/hainaut.sudradio.net\/index.php?rest_route=\/wp\/v2\/posts\/17281","targetHints":{"allow":["GET"]}}],"collection":[{"href":"https:\/\/hainaut.sudradio.net\/index.php?rest_route=\/wp\/v2\/posts"}],"about":[{"href":"https:\/\/hainaut.sudradio.net\/index.php?rest_route=\/wp\/v2\/types\/post"}],"author":[{"embeddable":true,"href":"https:\/\/hainaut.sudradio.net\/index.php?rest_route=\/wp\/v2\/users\/4"}],"replies":[{"embeddable":true,"href":"https:\/\/hainaut.sudradio.net\/index.php?rest_route=%2Fwp%2Fv2%2Fcomments&post=17281"}],"version-history":[{"count":3,"href":"https:\/\/hainaut.sudradio.net\/index.php?rest_route=\/wp\/v2\/posts\/17281\/revisions"}],"predecessor-version":[{"id":17290,"href":"https:\/\/hainaut.sudradio.net\/index.php?rest_route=\/wp\/v2\/posts\/17281\/revisions\/17290"}],"wp:featuredmedia":[{"embeddable":true,"href":"https:\/\/hainaut.sudradio.net\/index.php?rest_route=\/wp\/v2\/media\/17282"}],"wp:attachment":[{"href":"https:\/\/hainaut.sudradio.net\/index.php?rest_route=%2Fwp%2Fv2%2Fmedia&parent=17281"}],"wp:term":[{"taxonomy":"category","embeddable":true,"href":"https:\/\/hainaut.sudradio.net\/index.php?rest_route=%2Fwp%2Fv2%2Fcategories&post=17281"},{"taxonomy":"post_tag","embeddable":true,"href":"https:\/\/hainaut.sudradio.net\/index.php?rest_route=%2Fwp%2Fv2%2Ftags&post=17281"}],"curies":[{"name":"wp","href":"https:\/\/api.w.org\/{rel}","templated":true}]}}